{"id":65226,"date":"2025-09-14T20:41:01","date_gmt":"2025-09-14T23:41:01","guid":{"rendered":"https:\/\/pinews.com.br\/?p=65226"},"modified":"2025-09-14T20:41:06","modified_gmt":"2025-09-14T23:41:06","slug":"homem-e-preso-suspeito-de-maus-tratos-a-cavalo-e-ameacas-a-moradores-em-pio-ix","status":"publish","type":"post","link":"https:\/\/pinews.com.br\/index.php\/2025\/09\/14\/homem-e-preso-suspeito-de-maus-tratos-a-cavalo-e-ameacas-a-moradores-em-pio-ix\/","title":{"rendered":"Homem \u00e9 preso suspeito de maus-tratos a cavalo e amea\u00e7as a moradores em Pio IX"},"content":{"rendered":"\n<p>Um homem de 23 anos, identificado apenas pelas iniciais S.R.S.A., foi preso na manh\u00e3 deste domingo (14), suspeito de maus-tratos contra um cavalo e de amea\u00e7ar moradores na localidade S\u00edtio Guaribas, zona rural do munic\u00edpio de Pio IX, a 442 km de Teresina.<\/p>\n\n\n\n<p>Segundo informa\u00e7\u00f5es da Pol\u00edcia Militar, populares acionaram a guarni\u00e7\u00e3o relatando que o suspeito estava embriagado, armado com uma faca tipo peixeira e fazia amea\u00e7as a pessoas da comunidade. Durante a confus\u00e3o, ele chegou a golpear um cavalo, atingindo a regi\u00e3o do abd\u00f4men do animal e provocando uma les\u00e3o grave.<\/p>\n\n\n\n<figure class=\"wp-block-image\"><img decoding=\"async\" src=\"https:\/\/cidadeverde.com\/assets\/uploads\/noticias\/1e6dc292b16cec2e8be27a4af975314a.jpg\" alt=\"\"\/><figcaption class=\"wp-element-caption\">Foto: Pol\u00edcia Militar<\/figcaption><\/figure>\n\n\n\n<p>Ao chegar ao local, os policiais encontraram o homem contido por moradores. A faca usada na agress\u00e3o foi apreendida e o animal ferido recebeu atendimento veterin\u00e1rio.<\/p>\n\n\n\n<p>O suspeito foi encaminhado \u00e0 Delegacia de Pol\u00edcia Civil, onde foi autuado pelo crime de maus-tratos a animais e por amea\u00e7as.<\/p>\n\n\n\n<p><strong>Fonte: Cidade Verde <\/strong><\/p>\n","protected":false},"excerpt":{"rendered":"<p>Um homem de 23 anos, identificado apenas pelas iniciais S.R.S.A., foi preso na manh\u00e3 deste domingo (14), suspeito de maus-tratos contra um cavalo e de amea\u00e7ar moradores na localidade S\u00edtio Guaribas, zona rural do munic\u00edpio de Pio IX, a 442 km de Teresina. Segundo informa\u00e7\u00f5es da Pol\u00edcia Militar, populares acionaram a guarni\u00e7\u00e3o relatando que o [&hellip;]<\/p>\n","protected":false},"author":4,"featured_media":65227,"comment_status":"open","ping_status":"open","sticky":false,"template":"","format":"standard","meta":{"beyondwords_generate_audio":"1","beyondwords_project_id":"","beyondwords_podcast_id":"","beyondwords_hash":"","beyondwords_error_message":"","beyondwords_disabled":"","publish_post_to_speechkit":"","speechkit_generate_audio":"","speechkit_project_id":"","speechkit_podcast_id":"","speechkit_hash":"","speechkit_error_message":"","speechkit_disabled":"","speechkit_access_key":"","speechkit_error":"","speechkit_info":"","speechkit_response":"","speechkit_retries":"","_speechkit_link":"","_speechkit_text":""},"categories":[51,78],"tags":[1099,302,44,72,46,84,303,5457,2020,307,79,130],"jetpack_featured_media_url":"https:\/\/pinews.com.br\/wp-content\/uploads\/2025\/09\/1c138183e926ad95f32b0df00bf62d74.jpg","_links":{"self":[{"href":"https:\/\/pinews.com.br\/index.php\/wp-json\/wp\/v2\/posts\/65226"}],"collection":[{"href":"https:\/\/pinews.com.br\/index.php\/wp-json\/wp\/v2\/posts"}],"about":[{"href":"https:\/\/pinews.com.br\/index.php\/wp-json\/wp\/v2\/types\/post"}],"author":[{"embeddable":true,"href":"https:\/\/pinews.com.br\/index.php\/wp-json\/wp\/v2\/users\/4"}],"replies":[{"embeddable":true,"href":"https:\/\/pinews.com.br\/index.php\/wp-json\/wp\/v2\/comments?post=65226"}],"version-history":[{"count":1,"href":"https:\/\/pinews.com.br\/index.php\/wp-json\/wp\/v2\/posts\/65226\/revisions"}],"predecessor-version":[{"id":65228,"href":"https:\/\/pinews.com.br\/index.php\/wp-json\/wp\/v2\/posts\/65226\/revisions\/65228"}],"wp:featuredmedia":[{"embeddable":true,"href":"https:\/\/pinews.com.br\/index.php\/wp-json\/wp\/v2\/media\/65227"}],"wp:attachment":[{"href":"https:\/\/pinews.com.br\/index.php\/wp-json\/wp\/v2\/media?parent=65226"}],"wp:term":[{"taxonomy":"category","embeddable":true,"href":"https:\/\/pinews.com.br\/index.php\/wp-json\/wp\/v2\/categories?post=65226"},{"taxonomy":"post_tag","embeddable":true,"href":"https:\/\/pinews.com.br\/index.php\/wp-json\/wp\/v2\/tags?post=65226"}],"curies":[{"name":"wp","href":"https:\/\/api.w.org\/{rel}","templated":true}]}}