{"id":65372,"date":"2025-10-22T20:13:50","date_gmt":"2025-10-22T23:13:50","guid":{"rendered":"https:\/\/pinews.com.br\/?p=65372"},"modified":"2025-10-22T20:13:54","modified_gmt":"2025-10-22T23:13:54","slug":"homem-morre-apos-acidente-com-makita-enquanto-cortava-cano-em-floriano","status":"publish","type":"post","link":"https:\/\/pinews.com.br\/index.php\/2025\/10\/22\/homem-morre-apos-acidente-com-makita-enquanto-cortava-cano-em-floriano\/","title":{"rendered":"Homem morre ap\u00f3s acidente com makita enquanto cortava cano em Floriano"},"content":{"rendered":"\n<p>Um homem de 56 anos, identificado como Jos\u00e9 Francisco Vieira de Carvalho, morreu nesta quarta-feira (22) ap\u00f3s sofrer um\u00a0acidente de trabalho enquanto manuseava uma makita\u00a0na zona rural de Floriano, munic\u00edpio localizado a 240 km ao Sul de Teresina.<\/p>\n\n\n\n<p>De acordo com informa\u00e7\u00f5es preliminares do 3\u00b0 Batalh\u00e3o da Pol\u00edcia Militar do Piau\u00ed (3\u00b0 BPM-PI), testemunnhas relataram que a v\u00edtima realizava o\u00a0corte de um cano\u00a0em uma fazenda quando a\u00a0ferramenta atingiu sua perna.<\/p>\n\n\n\n<p>Uma unidade do Servi\u00e7o de Atendimento M\u00f3vel de Urg\u00eancia (Samu) chegou a ser acionada, mas j\u00e1 encontrou o homem j\u00e1 sem vida ao chegar no local. A suspeita \u00e9 que o corte tenha atingido a art\u00e9ria femoral.<\/p>\n\n\n\n<p>Equipes do 3\u00b0 BPM-PI isolaram a \u00e1rea e acionaram a per\u00edcia, al\u00e9m de uma unidade do Instituto M\u00e9dico Legal (IML), respons\u00e1vel pela remo\u00e7\u00e3o do corpo. As circunst\u00e2ncias do acidente ser\u00e3o apuradas.<\/p>\n\n\n\n<p><strong>Fonte: Cidade Verde<\/strong><\/p>\n","protected":false},"excerpt":{"rendered":"<p>Um homem de 56 anos, identificado como Jos\u00e9 Francisco Vieira de Carvalho, morreu nesta quarta-feira (22) ap\u00f3s sofrer um\u00a0acidente de trabalho enquanto manuseava uma makita\u00a0na zona rural de Floriano, munic\u00edpio localizado a 240 km ao Sul de Teresina. De acordo com informa\u00e7\u00f5es preliminares do 3\u00b0 Batalh\u00e3o da Pol\u00edcia Militar do Piau\u00ed (3\u00b0 BPM-PI), testemunnhas relataram [&hellip;]<\/p>\n","protected":false},"author":4,"featured_media":65373,"comment_status":"open","ping_status":"open","sticky":false,"template":"","format":"standard","meta":{"beyondwords_generate_audio":"1","beyondwords_project_id":"","beyondwords_podcast_id":"","beyondwords_hash":"","beyondwords_error_message":"","beyondwords_disabled":"","publish_post_to_speechkit":"","speechkit_generate_audio":"","speechkit_project_id":"","speechkit_podcast_id":"","speechkit_hash":"","speechkit_error_message":"","speechkit_disabled":"","speechkit_access_key":"","speechkit_error":"","speechkit_info":"","speechkit_response":"","speechkit_retries":"","_speechkit_link":"","_speechkit_text":""},"categories":[51],"tags":[176,70,12752,11800,46,510,666,84,12751,119],"jetpack_featured_media_url":"https:\/\/pinews.com.br\/wp-content\/uploads\/2025\/10\/acidente-makita-floriano.jpg","_links":{"self":[{"href":"https:\/\/pinews.com.br\/index.php\/wp-json\/wp\/v2\/posts\/65372"}],"collection":[{"href":"https:\/\/pinews.com.br\/index.php\/wp-json\/wp\/v2\/posts"}],"about":[{"href":"https:\/\/pinews.com.br\/index.php\/wp-json\/wp\/v2\/types\/post"}],"author":[{"embeddable":true,"href":"https:\/\/pinews.com.br\/index.php\/wp-json\/wp\/v2\/users\/4"}],"replies":[{"embeddable":true,"href":"https:\/\/pinews.com.br\/index.php\/wp-json\/wp\/v2\/comments?post=65372"}],"version-history":[{"count":1,"href":"https:\/\/pinews.com.br\/index.php\/wp-json\/wp\/v2\/posts\/65372\/revisions"}],"predecessor-version":[{"id":65374,"href":"https:\/\/pinews.com.br\/index.php\/wp-json\/wp\/v2\/posts\/65372\/revisions\/65374"}],"wp:featuredmedia":[{"embeddable":true,"href":"https:\/\/pinews.com.br\/index.php\/wp-json\/wp\/v2\/media\/65373"}],"wp:attachment":[{"href":"https:\/\/pinews.com.br\/index.php\/wp-json\/wp\/v2\/media?parent=65372"}],"wp:term":[{"taxonomy":"category","embeddable":true,"href":"https:\/\/pinews.com.br\/index.php\/wp-json\/wp\/v2\/categories?post=65372"},{"taxonomy":"post_tag","embeddable":true,"href":"https:\/\/pinews.com.br\/index.php\/wp-json\/wp\/v2\/tags?post=65372"}],"curies":[{"name":"wp","href":"https:\/\/api.w.org\/{rel}","templated":true}]}}