{"id":65423,"date":"2025-10-27T09:25:22","date_gmt":"2025-10-27T12:25:22","guid":{"rendered":"https:\/\/pinews.com.br\/?p=65423"},"modified":"2025-10-27T09:25:25","modified_gmt":"2025-10-27T12:25:25","slug":"jovem-natural-de-simoes-morre-apos-acidente-durante-competicao-de-motocross-em-picos","status":"publish","type":"post","link":"https:\/\/pinews.com.br\/index.php\/2025\/10\/27\/jovem-natural-de-simoes-morre-apos-acidente-durante-competicao-de-motocross-em-picos\/","title":{"rendered":"Jovem natural de Sim\u00f5es morre ap\u00f3s acidente durante competi\u00e7\u00e3o de motocross em Picos"},"content":{"rendered":"\n<p>Um grave acidente durante uma competi\u00e7\u00e3o de motocross\u00a0vitimou o piloto S\u00f3crates Oliveira dos Reis J\u00fanior, de 27 anos, na tarde deste domingo (26), no povoado Tapera, zona rural de Picos.<\/p>\n\n\n\n<p>De acordo com informa\u00e7\u00f5es repassadas por familiares, S\u00f3crates J\u00fanior perdeu o controle da motocicleta e sofreu uma forte queda, batendo a cabe\u00e7a.<\/p>\n\n\n\n<p>O piloto foi rapidamente socorrido por uma equipe de sa\u00fade que prestava apoio ao evento e encaminhado em estado grave para o Hospital Regional Justino Luz, em Picos. Mesmo ap\u00f3s receber atendimento m\u00e9dico,\u00a0ele n\u00e3o resistiu aos ferimentos e veio a \u00f3bito\u00a0na madrugada desta segunda-feira (27).<\/p>\n\n\n\n<p>O corpo foi levado para o N\u00facleo Regional de Pol\u00edcia Cient\u00edfica de Picos, onde ser\u00e1 realizado o laudo necrosc\u00f3pico.<\/p>\n\n\n\n<p>O organizador da competi\u00e7\u00e3o, Wildenberg Moura, lamentou profundamente a perda do amigo e ressaltou o impacto da trag\u00e9dia entre os participantes.<\/p>\n\n\n\n<blockquote class=\"wp-block-quote\">\n<p>\u201cFoi um baque muito grande. Eu estava no local e vi o acidente de longe. Foi uma fatalidade enorme. Perdemos um grande amigo do motocross\u201d, lamentou.<\/p>\n<\/blockquote>\n\n\n\n<p>Natural do munic\u00edpio de Sim\u00f5es, S\u00f3crates J\u00fanior era considerado um piloto experiente e bastante conhecido no meio esportivo. Ele deixa uma filha pequena.<\/p>\n\n\n\n<figure class=\"wp-block-image\"><img decoding=\"async\" src=\"https:\/\/cidadeverde.com\/assets\/uploads\/colecoes\/2\/2025\/10\/kawbfkjwe.jpg\" alt=\"\"\/><figcaption class=\"wp-element-caption\">Foto: Reprodu\u00e7\u00e3o\/Redes sociais<\/figcaption><\/figure>\n\n\n\n<p><strong>Fonte: Cidade Verde<\/strong><\/p>\n","protected":false},"excerpt":{"rendered":"<p>Um grave acidente durante uma competi\u00e7\u00e3o de motocross\u00a0vitimou o piloto S\u00f3crates Oliveira dos Reis J\u00fanior, de 27 anos, na tarde deste domingo (26), no povoado Tapera, zona rural de Picos. De acordo com informa\u00e7\u00f5es repassadas por familiares, S\u00f3crates J\u00fanior perdeu o controle da motocicleta e sofreu uma forte queda, batendo a cabe\u00e7a. O piloto foi [&hellip;]<\/p>\n","protected":false},"author":4,"featured_media":65424,"comment_status":"open","ping_status":"open","sticky":false,"template":"","format":"standard","meta":{"beyondwords_generate_audio":"1","beyondwords_project_id":"","beyondwords_podcast_id":"","beyondwords_hash":"","beyondwords_error_message":"","beyondwords_disabled":"","publish_post_to_speechkit":"","speechkit_generate_audio":"","speechkit_project_id":"","speechkit_podcast_id":"","speechkit_hash":"","speechkit_error_message":"","speechkit_disabled":"","speechkit_access_key":"","speechkit_error":"","speechkit_info":"","speechkit_response":"","speechkit_retries":"","_speechkit_link":"","_speechkit_text":""},"categories":[124,51,126,483],"tags":[176,70,12756,44,45,46,266,119,12757,482,125,484],"jetpack_featured_media_url":"https:\/\/pinews.com.br\/wp-content\/uploads\/2025\/10\/WhatsApp_Image_2025-10-27_at_08_50_17_1.jpeg","_links":{"self":[{"href":"https:\/\/pinews.com.br\/index.php\/wp-json\/wp\/v2\/posts\/65423"}],"collection":[{"href":"https:\/\/pinews.com.br\/index.php\/wp-json\/wp\/v2\/posts"}],"about":[{"href":"https:\/\/pinews.com.br\/index.php\/wp-json\/wp\/v2\/types\/post"}],"author":[{"embeddable":true,"href":"https:\/\/pinews.com.br\/index.php\/wp-json\/wp\/v2\/users\/4"}],"replies":[{"embeddable":true,"href":"https:\/\/pinews.com.br\/index.php\/wp-json\/wp\/v2\/comments?post=65423"}],"version-history":[{"count":1,"href":"https:\/\/pinews.com.br\/index.php\/wp-json\/wp\/v2\/posts\/65423\/revisions"}],"predecessor-version":[{"id":65425,"href":"https:\/\/pinews.com.br\/index.php\/wp-json\/wp\/v2\/posts\/65423\/revisions\/65425"}],"wp:featuredmedia":[{"embeddable":true,"href":"https:\/\/pinews.com.br\/index.php\/wp-json\/wp\/v2\/media\/65424"}],"wp:attachment":[{"href":"https:\/\/pinews.com.br\/index.php\/wp-json\/wp\/v2\/media?parent=65423"}],"wp:term":[{"taxonomy":"category","embeddable":true,"href":"https:\/\/pinews.com.br\/index.php\/wp-json\/wp\/v2\/categories?post=65423"},{"taxonomy":"post_tag","embeddable":true,"href":"https:\/\/pinews.com.br\/index.php\/wp-json\/wp\/v2\/tags?post=65423"}],"curies":[{"name":"wp","href":"https:\/\/api.w.org\/{rel}","templated":true}]}}