{"id":65722,"date":"2026-01-26T20:51:02","date_gmt":"2026-01-26T23:51:02","guid":{"rendered":"https:\/\/pinews.com.br\/?p=65722"},"modified":"2026-01-26T20:51:06","modified_gmt":"2026-01-26T23:51:06","slug":"filho-mata-o-proprio-pai-a-facadas-apos-discussao-no-piaui","status":"publish","type":"post","link":"https:\/\/pinews.com.br\/index.php\/2026\/01\/26\/filho-mata-o-proprio-pai-a-facadas-apos-discussao-no-piaui\/","title":{"rendered":"Filho mata o pr\u00f3prio pai a facadas ap\u00f3s discuss\u00e3o no Piau\u00ed"},"content":{"rendered":"\n<p>Um homem foi morto pelo pr\u00f3prio filho, identificado como Vitor, de 23 anos,na noite desta\u00a0segunda-feira (26), no\u00a0bairro Santa B\u00e1rbara, na\u00a0zona Leste de Teresina. O crime aconteceu\u00a0na cozinha da resid\u00eancia da fam\u00edlia\u00a0e foi praticado com o uso de\u00a0uma faca. Ap\u00f3s o homic\u00eddio, o suspeito fugiu levando a\u00a0motocicleta da v\u00edtima.<\/p>\n\n\n\n<p>De acordo com informa\u00e7\u00f5es confirmadas pelo\u00a029\u00ba Batalh\u00e3o da Pol\u00edcia Militar, a\u00a0motiva\u00e7\u00e3o inicial apontada \u00e9 uma\u00a0discuss\u00e3o familiar, mas a din\u00e2mica completa do crime ainda ser\u00e1 esclarecida.<\/p>\n\n\n\n<p>A Pol\u00edcia Militar isolou o local e acionou o\u00a0Departamento de Homic\u00eddio e Prote\u00e7\u00e3o \u00e0 Pessoa (DHPP), que ficar\u00e1 respons\u00e1vel pela investiga\u00e7\u00e3o.\u00a0<\/p>\n\n\n\n<p>O suspeito segue\u00a0foragido, e dilig\u00eancias est\u00e3o em andamento para localiz\u00e1-lo. A ocorr\u00eancia ainda est\u00e1 em andamento.<\/p>\n\n\n\n<h2><strong>2\u00ba&nbsp; crime registrado na regi\u00e3o em menos de 24 horas<\/strong><\/h2>\n\n\n\n<p>Este \u00e9 o segundo registro de crime violento no bairro Santa B\u00e1rbara, zona Leste de Teresina, em menos de 24 horas.\u00a0Na manh\u00e3 desta segunda-feira (26), um homem ainda n\u00e3o identificado foi encontrado morto com les\u00f5es graves no abd\u00f4men.\u00a0O caso tamb\u00e9m est\u00e1 sendo investigado pelo Departamento de Homic\u00eddio e Prote\u00e7\u00e3o \u00e0 Pessoa (DHPP).<\/p>\n\n\n\n<p><strong>Fonte: Cidade Verde <\/strong><\/p>\n","protected":false},"excerpt":{"rendered":"<p>Um homem foi morto pelo pr\u00f3prio filho, identificado como Vitor, de 23 anos,na noite desta\u00a0segunda-feira (26), no\u00a0bairro Santa B\u00e1rbara, na\u00a0zona Leste de Teresina. O crime aconteceu\u00a0na cozinha da resid\u00eancia da fam\u00edlia\u00a0e foi praticado com o uso de\u00a0uma faca. Ap\u00f3s o homic\u00eddio, o suspeito fugiu levando a\u00a0motocicleta da v\u00edtima. De acordo com informa\u00e7\u00f5es confirmadas pelo\u00a029\u00ba Batalh\u00e3o [&hellip;]<\/p>\n","protected":false},"author":4,"featured_media":65723,"comment_status":"open","ping_status":"open","sticky":false,"template":"","format":"standard","meta":{"beyondwords_generate_audio":"1","beyondwords_project_id":"","beyondwords_podcast_id":"","beyondwords_hash":"","beyondwords_error_message":"","beyondwords_disabled":"","publish_post_to_speechkit":"","speechkit_generate_audio":"","speechkit_project_id":"","speechkit_podcast_id":"","speechkit_hash":"","speechkit_error_message":"","speechkit_disabled":"","speechkit_access_key":"","speechkit_error":"","speechkit_info":"","speechkit_response":"","speechkit_retries":"","_speechkit_link":"","_speechkit_text":""},"categories":[51,78,81],"tags":[70,831,479,289,49,290,52,86],"jetpack_featured_media_url":"https:\/\/pinews.com.br\/wp-content\/uploads\/2026\/01\/WhatsApp_Image_2026-01-26_at_19_42_48.jpeg","_links":{"self":[{"href":"https:\/\/pinews.com.br\/index.php\/wp-json\/wp\/v2\/posts\/65722"}],"collection":[{"href":"https:\/\/pinews.com.br\/index.php\/wp-json\/wp\/v2\/posts"}],"about":[{"href":"https:\/\/pinews.com.br\/index.php\/wp-json\/wp\/v2\/types\/post"}],"author":[{"embeddable":true,"href":"https:\/\/pinews.com.br\/index.php\/wp-json\/wp\/v2\/users\/4"}],"replies":[{"embeddable":true,"href":"https:\/\/pinews.com.br\/index.php\/wp-json\/wp\/v2\/comments?post=65722"}],"version-history":[{"count":1,"href":"https:\/\/pinews.com.br\/index.php\/wp-json\/wp\/v2\/posts\/65722\/revisions"}],"predecessor-version":[{"id":65724,"href":"https:\/\/pinews.com.br\/index.php\/wp-json\/wp\/v2\/posts\/65722\/revisions\/65724"}],"wp:featuredmedia":[{"embeddable":true,"href":"https:\/\/pinews.com.br\/index.php\/wp-json\/wp\/v2\/media\/65723"}],"wp:attachment":[{"href":"https:\/\/pinews.com.br\/index.php\/wp-json\/wp\/v2\/media?parent=65722"}],"wp:term":[{"taxonomy":"category","embeddable":true,"href":"https:\/\/pinews.com.br\/index.php\/wp-json\/wp\/v2\/categories?post=65722"},{"taxonomy":"post_tag","embeddable":true,"href":"https:\/\/pinews.com.br\/index.php\/wp-json\/wp\/v2\/tags?post=65722"}],"curies":[{"name":"wp","href":"https:\/\/api.w.org\/{rel}","templated":true}]}}