{"id":6590,"date":"2020-04-08T12:57:16","date_gmt":"2020-04-08T15:57:16","guid":{"rendered":"https:\/\/pinews.com.br\/?p=6590"},"modified":"2020-04-08T12:57:16","modified_gmt":"2020-04-08T15:57:16","slug":"empresario-de-picos-morre-vitima-de-infarto","status":"publish","type":"post","link":"https:\/\/pinews.com.br\/index.php\/2020\/04\/08\/empresario-de-picos-morre-vitima-de-infarto\/","title":{"rendered":"Empres\u00e1rio de Picos morre v\u00edtima de infarto"},"content":{"rendered":"\n<p><em>Foto: Reprodu\u00e7\u00e3o <\/em><\/p>\n\n\n\n<p style=\"text-align:justify\">O propriet\u00e1rio do Frits Peixe, empres\u00e1rio C\u00edcero Fernandes da Silva, de 68 anos, faleceu por volta das 09h30minh da manh\u00e3 desta ter\u00e7a-feira (07\/04), v\u00edtima de infarto. C\u00edcero sentiu uma forte dor no peito e foi atendido no Hospital \u201cDoutor Oscar\u201d, em decorr\u00eancia da gravidade ele transferido para a UTI do Hospital Regional Justino Luz, mas n\u00e3o resistiu.<\/p>\n\n\n\n<p style=\"text-align:justify\">O empres\u00e1rio, que era bastante conhecido na regi\u00e3o de Picos, deixa a esposa Geocilda e tr\u00eas filhos Rodrigo, Rog\u00e9ria e Gislayne.<\/p>\n\n\n\n<p style=\"text-align:justify\">O corpo est\u00e1 sendo velado no espa\u00e7o da Funer\u00e1ria Santa Ana, ao lado do escrit\u00f3rio da Agespisa. O sepultamento ser\u00e1 realizado na manh\u00e3 desta quarta-feira (08\/04), no cemit\u00e9rio do Bairro Parque de Exposi\u00e7\u00e3o, zona leste de Picos (PI).<\/p>\n\n\n\n<p style=\"text-align:justify\">O presidente da C\u00e2mara Municipal de Picos, Hugo Victor Saunders Martins (MDB), divulgou nota de pesar lamentando a morte.<\/p>\n\n\n\n<p style=\"text-align:justify\"><em><strong>NOTA DE PESAR DA C\u00c2MARA MUNICIPAL DE PICOS A FAM\u00cdLIA DE C\u00cdCERO FERNANDES DA SILVA<\/strong><\/em><\/p>\n\n\n\n<p style=\"text-align:justify\">\u201c<em>O Senhor est\u00e1 perto dos que t\u00eam o cora\u00e7\u00e3o quebrantado e salva os de esp\u00edrito abatido\u201d. &nbsp;(Salmos 34:18)<\/em><\/p>\n\n\n\n<p style=\"text-align:justify\"><em>&nbsp;A C\u00e2mara Municipal de Picos (PI), atrav\u00e9s do Excelent\u00edssimo Senhor presidente, vereador Hugo Victor Saunders Martins, vem a publico apresentar votos de pesar pelo falecimento do empres\u00e1rio C\u00edcero Fernandes da Silva, de 68 anos, ocorrido nesta ter\u00e7a-feira (07\/04), em Picos (PI).<\/em><\/p>\n\n\n\n<p style=\"text-align:justify\"><em>O Poder Legislativo, tomado de uma profunda tristeza neste momento de dor em que a aus\u00eancia de uma pessoa querida deixa lacunas impreench\u00edveis, se solidariza com familiares e amigos deste grande cidad\u00e3o que procurou conservar amizades e que muito contribuiu para o crescimento de nosso munic\u00edpio.<\/em><\/p>\n\n\n\n<p><em>Picos (PI), 07 de abril de 2020.<\/em><\/p>\n\n\n\n<p><em>Vereador Hugo Victor Saunders Martins<\/em><\/p>\n\n\n\n<p><em>Presidente da C\u00e2mara Municipal de Picos<\/em><\/p>\n\n\n\n<p><strong>Fonte: Web Piau\u00ed<\/strong><\/p>\n","protected":false},"excerpt":{"rendered":"<p>Foto: Reprodu\u00e7\u00e3o O propriet\u00e1rio do Frits Peixe, empres\u00e1rio C\u00edcero Fernandes da Silva, de 68 anos, faleceu por volta das 09h30minh da manh\u00e3 desta ter\u00e7a-feira (07\/04), v\u00edtima de infarto. C\u00edcero sentiu uma forte dor no peito e foi atendido no Hospital \u201cDoutor Oscar\u201d, em decorr\u00eancia da gravidade ele transferido para a UTI do Hospital Regional Justino [&hellip;]<\/p>\n","protected":false},"author":1,"featured_media":6591,"comment_status":"open","ping_status":"open","sticky":false,"template":"","format":"standard","meta":{"beyondwords_generate_audio":"","beyondwords_project_id":"","beyondwords_podcast_id":"","beyondwords_hash":"","beyondwords_error_message":"","beyondwords_disabled":"","publish_post_to_speechkit":"","speechkit_generate_audio":"","speechkit_project_id":"","speechkit_podcast_id":"","speechkit_hash":"","speechkit_error_message":"","speechkit_disabled":"","speechkit_access_key":"","speechkit_error":"","speechkit_info":"","speechkit_response":"","speechkit_retries":"","_speechkit_link":"","_speechkit_text":""},"categories":[51,126],"tags":[152,2418,284,125],"jetpack_featured_media_url":"","_links":{"self":[{"href":"https:\/\/pinews.com.br\/index.php\/wp-json\/wp\/v2\/posts\/6590"}],"collection":[{"href":"https:\/\/pinews.com.br\/index.php\/wp-json\/wp\/v2\/posts"}],"about":[{"href":"https:\/\/pinews.com.br\/index.php\/wp-json\/wp\/v2\/types\/post"}],"author":[{"embeddable":true,"href":"https:\/\/pinews.com.br\/index.php\/wp-json\/wp\/v2\/users\/1"}],"replies":[{"embeddable":true,"href":"https:\/\/pinews.com.br\/index.php\/wp-json\/wp\/v2\/comments?post=6590"}],"version-history":[{"count":0,"href":"https:\/\/pinews.com.br\/index.php\/wp-json\/wp\/v2\/posts\/6590\/revisions"}],"wp:featuredmedia":[{"embeddable":true,"href":"https:\/\/pinews.com.br\/index.php\/wp-json\/"}],"wp:attachment":[{"href":"https:\/\/pinews.com.br\/index.php\/wp-json\/wp\/v2\/media?parent=6590"}],"wp:term":[{"taxonomy":"category","embeddable":true,"href":"https:\/\/pinews.com.br\/index.php\/wp-json\/wp\/v2\/categories?post=6590"},{"taxonomy":"post_tag","embeddable":true,"href":"https:\/\/pinews.com.br\/index.php\/wp-json\/wp\/v2\/tags?post=6590"}],"curies":[{"name":"wp","href":"https:\/\/api.w.org\/{rel}","templated":true}]}}