{"id":6637,"date":"2020-04-10T13:12:33","date_gmt":"2020-04-10T16:12:33","guid":{"rendered":"https:\/\/pinews.com.br\/?p=6637"},"modified":"2020-04-10T13:12:33","modified_gmt":"2020-04-10T16:12:33","slug":"covid-19-saude-libera-mais-r-4-bilhoes-para-estados-e-municipios","status":"publish","type":"post","link":"https:\/\/pinews.com.br\/index.php\/2020\/04\/10\/covid-19-saude-libera-mais-r-4-bilhoes-para-estados-e-municipios\/","title":{"rendered":"Covid-19: Sa\u00fade libera mais R$ 4 bilh\u00f5es para estados e munic\u00edpios"},"content":{"rendered":"\n<p>\u00a9 Marcello Casal JrAg\u00eancia Brasil<\/p>\n\n\n\n<p style=\"text-align:justify\">O Minist\u00e9rio da Sa\u00fade liberou mais R$ 4 bilh\u00f5es a estados e munic\u00edpios para a\u00e7\u00f5es de combate \u00e0 covid-19. O valor \u00e9 um adicional ao que j\u00e1 recebem para custeio de a\u00e7\u00f5es e servi\u00e7os relacionados \u00e0 sa\u00fade e pode ser utilizado para compra de materiais e insumos, abrir novos leitos e custear profissionais.<\/p>\n\n\n\n<p style=\"text-align:justify\">A <a rel=\"noreferrer noopener\" href=\"http:\/\/pesquisa.in.gov.br\/imprensa\/jsp\/visualiza\/index.jsp?data=09\/04\/2020&amp;jornal=600&amp;pagina=60&amp;totalArquivos=90\" target=\"_blank\">Portaria n\u00ba 774\/2020 <\/a>com a libera\u00e7\u00e3o foi publicada ontem (9) em edi\u00e7\u00e3o extra do Di\u00e1rio Oficial da Uni\u00e3o. O valor corresponde a uma parcela mensal extra do que cada estado ou munic\u00edpio j\u00e1 recebe para a\u00e7\u00f5es de m\u00e9dia e alta complexidade ou aten\u00e7\u00e3o prim\u00e1ria.<\/p>\n\n\n\n<p style=\"text-align:justify\">Em mensagem nas redes sociais, o ministro da Sa\u00fade, Henrique Mandetta, disse que os recursos j\u00e1 foram depositados nas contas dos fundos estaduais e municipais de sa\u00fade. \u201cA gente acha que, com isso, eles [os gestores de sa\u00fade] podem adquirir os equipamentos de prote\u00e7\u00e3o individual (EPIs) que a gente come\u00e7a a trazer da China. Est\u00e1 come\u00e7ando o mercado chin\u00eas a se organizar, estamos conseguindo trazer\u201d, disse.<\/p>\n\n\n\n<p style=\"text-align:justify\">De acordo com o ministro, a primeira carga com 40 milh\u00f5es de m\u00e1scaras vinda da China, de uma compra de 240 milh\u00f5es de m\u00e1scaras, deve chegar ao pa\u00eds na ter\u00e7a-feira (14). O esfor\u00e7o da equipe do Minist\u00e9rio da Sa\u00fade \u00e9 de trazer 40 milh\u00f5es por semana. Um edital ser\u00e1 aberto para que empresas interessadas em ofertar esses insumos possam se cadastrar.<\/p>\n\n\n\n<p style=\"text-align:justify\">\u201cCom isso a gente pacifica o mercado brasileiro. E isso, doravante pacificado, a gente j\u00e1 repassa os recursos para que os estados e munic\u00edpios comprem, a iniciativa privada j\u00e1 est\u00e1 comprando. O mercado est\u00e1 come\u00e7ando a se normalizar, o de EPIs\u201d, explicou o ministro.<\/p>\n\n\n\n<p style=\"text-align:justify\">J\u00e1 sobre os respiradores, Mandetta disse que ainda h\u00e1 dificuldade. Segundo ele, foi feito uma acordo com a ind\u00fastria nacional para elevar de 800 para 15 mil a produ\u00e7\u00e3o de respiradores mec\u00e2nicos em 90 dias.<\/p>\n\n\n\n<p style=\"text-align:justify\">O ministro da Sa\u00fade refor\u00e7ou a orienta\u00e7\u00e3o da pasta para manter o isolamento social. De acordo com Mandetta, na pr\u00f3xima semana \u201cvamos colher os frutos da dif\u00edcil redu\u00e7\u00e3o da mobilidade social\u201d, determinada por estados e munic\u00edpios nas \u00faltimas duas semanas. \u201cHoje eu vi que o pessoal come\u00e7ou a andar mais, vamos pagar esse pre\u00e7o ali na frente. Esse v\u00edrus adora aglomera\u00e7\u00e3o, adora contato, adora que as pessoas achem que ele \u00e9 inofensivo. E a\u00ed, as cidades podem pegar a transmiss\u00e3o sustentada [ou comunit\u00e1ria]\u201d, ressaltou.<\/p>\n\n\n\n<p><strong>Fonte: Ag\u00eancia Brasil<\/strong><\/p>\n","protected":false},"excerpt":{"rendered":"<p>\u00a9 Marcello Casal JrAg\u00eancia Brasil O Minist\u00e9rio da Sa\u00fade liberou mais R$ 4 bilh\u00f5es a estados e munic\u00edpios para a\u00e7\u00f5es de combate \u00e0 covid-19. O valor \u00e9 um adicional ao que j\u00e1 recebem para custeio de a\u00e7\u00f5es e servi\u00e7os relacionados \u00e0 sa\u00fade e pode ser utilizado para compra de materiais e insumos, abrir novos leitos [&hellip;]<\/p>\n","protected":false},"author":1,"featured_media":6638,"comment_status":"open","ping_status":"open","sticky":false,"template":"","format":"standard","meta":{"beyondwords_generate_audio":"","beyondwords_project_id":"","beyondwords_podcast_id":"","beyondwords_hash":"","beyondwords_error_message":"","beyondwords_disabled":"","publish_post_to_speechkit":"","speechkit_generate_audio":"","speechkit_project_id":"","speechkit_podcast_id":"","speechkit_hash":"","speechkit_error_message":"","speechkit_disabled":"","speechkit_access_key":"","speechkit_error":"","speechkit_info":"","speechkit_response":"","speechkit_retries":"","_speechkit_link":"","_speechkit_text":""},"categories":[516,134],"tags":[639,1093,2406,1208],"jetpack_featured_media_url":"","_links":{"self":[{"href":"https:\/\/pinews.com.br\/index.php\/wp-json\/wp\/v2\/posts\/6637"}],"collection":[{"href":"https:\/\/pinews.com.br\/index.php\/wp-json\/wp\/v2\/posts"}],"about":[{"href":"https:\/\/pinews.com.br\/index.php\/wp-json\/wp\/v2\/types\/post"}],"author":[{"embeddable":true,"href":"https:\/\/pinews.com.br\/index.php\/wp-json\/wp\/v2\/users\/1"}],"replies":[{"embeddable":true,"href":"https:\/\/pinews.com.br\/index.php\/wp-json\/wp\/v2\/comments?post=6637"}],"version-history":[{"count":0,"href":"https:\/\/pinews.com.br\/index.php\/wp-json\/wp\/v2\/posts\/6637\/revisions"}],"wp:featuredmedia":[{"embeddable":true,"href":"https:\/\/pinews.com.br\/index.php\/wp-json\/"}],"wp:attachment":[{"href":"https:\/\/pinews.com.br\/index.php\/wp-json\/wp\/v2\/media?parent=6637"}],"wp:term":[{"taxonomy":"category","embeddable":true,"href":"https:\/\/pinews.com.br\/index.php\/wp-json\/wp\/v2\/categories?post=6637"},{"taxonomy":"post_tag","embeddable":true,"href":"https:\/\/pinews.com.br\/index.php\/wp-json\/wp\/v2\/tags?post=6637"}],"curies":[{"name":"wp","href":"https:\/\/api.w.org\/{rel}","templated":true}]}}