{"id":6727,"date":"2020-04-12T10:09:55","date_gmt":"2020-04-12T13:09:55","guid":{"rendered":"https:\/\/pinews.com.br\/?p=6727"},"modified":"2020-04-12T10:09:55","modified_gmt":"2020-04-12T13:09:55","slug":"acompanhe-a-celebracao-da-pascoa-pelo-brasil-e-pelo-mundo-fotos","status":"publish","type":"post","link":"https:\/\/pinews.com.br\/index.php\/2020\/04\/12\/acompanhe-a-celebracao-da-pascoa-pelo-brasil-e-pelo-mundo-fotos\/","title":{"rendered":"Acompanhe a celebra\u00e7\u00e3o da P\u00e1scoa pelo Brasil e pelo mundo; FOTOS"},"content":{"rendered":"\n<p>Foto: Reprodu\u00e7\u00e3o\/Direitos Reservados<\/p>\n\n\n\n<h2>Pandemia de coronav\u00edrus interferiu nos eventos.<\/h2>\n\n\n\n<p>Por G1<\/p>\n\n\n\n<p>Fotos: Reprodu\u00e7\u00e3o\/Direitos Reservados<\/p>\n\n\n\n<hr class=\"wp-block-separator\"\/>\n\n\n\n<figure class=\"wp-block-image\"><img decoding=\"async\" src=\"https:\/\/s2.glbimg.com\/Xkf_GevLcR4Rn3v3CrDLooNW7iM=\/0x0:4150x2934\/1008x0\/smart\/filters:strip_icc()\/i.s3.glbimg.com\/v1\/AUTH_59edd422c0c84a879bd37670ae4f538a\/internal_photos\/bs\/2020\/W\/p\/gcBIGeQoA4xK0PTtOn7w\/consagracao.jpg\" alt=\"Papa Francisco celebrou missa do Domingo de P\u00e1scoa, com as portas da Bas\u00edlica de S\u00e3o Pedro, no Vaticano, fechadas  \u2014 Foto: Andreas Solaro \/ AFP\"\/><\/figure>\n\n\n\n<p class=\"has-text-align-justify\">Papa Francisco celebrou missa do Domingo de P\u00e1scoa, com as portas da Bas\u00edlica de S\u00e3o Pedro, no Vaticano, fechadas \u2014 Foto: Andreas Solaro \/ AFP<\/p>\n\n\n\n<figure class=\"wp-block-image\"><img decoding=\"async\" src=\"https:\/\/s2.glbimg.com\/9aGhS9FNv_q_VUdqIeSTOtBVPLo=\/0x0:4397x2931\/1008x0\/smart\/filters:strip_icc()\/i.s3.glbimg.com\/v1\/AUTH_59edd422c0c84a879bd37670ae4f538a\/internal_photos\/bs\/2020\/0\/5\/9vviApT4yinm0eS4lUQA\/bencao.jpg\" alt=\"Papa Francisco d\u00e1 a ben\u00e7\u00e3o &quot;Urbi et Orbi&quot; na Bas\u00edlica de S\u00e3o Pedro, neste domingo de P\u00e1scoa  \u2014 Foto:  Andreas Solaro \/ Reuters \"\/><\/figure>\n\n\n\n<p class=\"has-text-align-justify\">Papa Francisco d\u00e1 a ben\u00e7\u00e3o &#8220;Urbi et Orbi&#8221; na Bas\u00edlica de S\u00e3o Pedro, neste domingo de P\u00e1scoa \u2014 Foto: Andreas Solaro \/ Reuters<\/p>\n\n\n\n<figure class=\"wp-block-image\"><img decoding=\"async\" src=\"https:\/\/s2.glbimg.com\/w2xPcNFi1a4C1jJL7U8lMNWLZZo=\/0x0:3600x2400\/1008x0\/smart\/filters:strip_icc()\/i.s3.glbimg.com\/v1\/AUTH_59edd422c0c84a879bd37670ae4f538a\/internal_photos\/bs\/2020\/X\/n\/5imP4sRMeSypTC6EPlCQ\/papa3.jpg\" alt=\"Papa Francisco beija o altar no in\u00edcio da missa do Domingo de P\u00e1scoa na Bas\u00edlica de S\u00e3o Pedro, no Vaticano \u2014 Foto: Andreas Solaro \/ AFP Photo\"\/><\/figure>\n\n\n\n<p class=\"has-text-align-justify\">Papa Francisco beija o altar no in\u00edcio da missa do Domingo de P\u00e1scoa na Bas\u00edlica de S\u00e3o Pedro, no Vaticano \u2014 Foto: Andreas Solaro \/ AFP Photo<\/p>\n\n\n\n<figure class=\"wp-block-image\"><img decoding=\"async\" src=\"https:\/\/s2.glbimg.com\/Awsg1pAo7IB8A5A9gAkCp2uOD9c=\/0x0:1024x683\/1008x0\/smart\/filters:strip_icc()\/i.s3.glbimg.com\/v1\/AUTH_59edd422c0c84a879bd37670ae4f538a\/internal_photos\/bs\/2020\/0\/W\/BKxN44ROOFZ67IBPssSw\/ap20103426007761.jpg\" alt=\"12 de abril - O arcebispo Carlos Osoro celebra uma missa do domingo de P\u00e1scoa dentro da catedral vazia de Almudena, em Madri, Espanha, em meio \u00e0 pandemia do coronav\u00edrus \u2014 Foto: Bernat Armangue\/AP\"\/><\/figure>\n\n\n\n<p class=\"has-text-align-justify\">12 de abril &#8211; O arcebispo Carlos Osoro celebra uma missa do domingo de P\u00e1scoa dentro da catedral vazia de Almudena, em Madri, Espanha, em meio \u00e0 pandemia do coronav\u00edrus \u2014 Foto: Bernat Armangue\/AP<\/p>\n\n\n\n<figure class=\"wp-block-image\"><img decoding=\"async\" src=\"https:\/\/s2.glbimg.com\/ce7Qgqu6Nr-1iI8YESZZNCR7IiY=\/0x0:6720x4480\/1008x0\/smart\/filters:strip_icc()\/i.s3.glbimg.com\/v1\/AUTH_59edd422c0c84a879bd37670ae4f538a\/internal_photos\/bs\/2020\/b\/O\/VzEXNmToSwk5TsBTOEsg\/2020-04-12t094945z-1135422301-rc2x2g9q2mir-rtrmadp-3-health-coronavirus-spain.jpg\" alt=\"12 de abril - O padre Fernando del Moral celebra a missa do domingo de P\u00e1scoa por transmiss\u00e3o ao vivo em uma par\u00f3quia vazia de Santa Maria de Cana em Pozuelo de Alarcon, na Espanha, em meio ao surto do coronav\u00edrus \u2014 Foto: Sergio Perez\/Reuters\"\/><\/figure>\n\n\n\n<p class=\"has-text-align-justify\">12 de abril &#8211; O padre Fernando del Moral celebra a missa do domingo de P\u00e1scoa por transmiss\u00e3o ao vivo em uma par\u00f3quia vazia de Santa Maria de Cana em Pozuelo de Alarcon, na Espanha, em meio ao surto do coronav\u00edrus \u2014 Foto: Sergio Perez\/Reuters<\/p>\n\n\n\n<figure class=\"wp-block-image\"><img decoding=\"async\" src=\"https:\/\/s2.glbimg.com\/vB0S2iGdHID0d-czDD1OnafXeT4=\/0x0:6509x4287\/1008x0\/smart\/filters:strip_icc()\/i.s3.glbimg.com\/v1\/AUTH_59edd422c0c84a879bd37670ae4f538a\/internal_photos\/bs\/2020\/J\/9\/W8iA7cRLAGsEAYV9bdvQ\/2020-04-12t095434z-12674947-rc2x2g9oqgud-rtrmadp-3-health-coronavirus-spain.jpg\" alt=\"12 de abril - Uma mulher se ajoelha ao rezar ap\u00f3s a missa do domingo de P\u00e1scoa em uma par\u00f3quia vazia de Santa Maria de Cana em Pozuelo de Alarcon, na Espanha, em meio ao surto do coronav\u00edrus \u2014 Foto: Sergio Perez\/Reuters\"\/><\/figure>\n\n\n\n<p class=\"has-text-align-justify\">12 de abril &#8211; Uma mulher se ajoelha ao rezar ap\u00f3s a missa do domingo de P\u00e1scoa em uma par\u00f3quia vazia de Santa Maria de Cana em Pozuelo de Alarcon, na Espanha, em meio ao surto do coronav\u00edrus \u2014 Foto: Sergio Perez\/Reuters<\/p>\n\n\n\n<figure class=\"wp-block-image\"><img decoding=\"async\" src=\"https:\/\/s2.glbimg.com\/NkUcnZGR6VyVc9lBujp3r5dlTX0=\/0x0:6720x4480\/1008x0\/smart\/filters:strip_icc()\/i.s3.glbimg.com\/v1\/AUTH_59edd422c0c84a879bd37670ae4f538a\/internal_photos\/bs\/2020\/B\/z\/LVDqIASCCQ39nhIqqe9g\/2020-04-12t115058z-2038778235-rc2z2g9u826a-rtrmadp-3-health-coronavirus-easter-italy.jpg\" alt=\"Frei Massimo Corallo celebra a Missa do Domingo de P\u00e1scoa no terra\u00e7o da igreja Santa Maria di Gesu, em Catania, It\u00e1lia. \u2014 Foto: Antonio Parrinello\/Reuters\"\/><\/figure>\n\n\n\n<p class=\"has-text-align-justify\">Frei Massimo Corallo celebra a Missa do Domingo de P\u00e1scoa no terra\u00e7o da igreja Santa Maria di Gesu, em Catania, It\u00e1lia. \u2014 Foto: Antonio Parrinello\/Reuters<\/p>\n\n\n\n<figure class=\"wp-block-image\"><img decoding=\"async\" src=\"https:\/\/s2.glbimg.com\/rLzl093z7rkfohaHq7rUI_EZ_hY=\/0x0:4296x2864\/1008x0\/smart\/filters:strip_icc()\/i.s3.glbimg.com\/v1\/AUTH_59edd422c0c84a879bd37670ae4f538a\/internal_photos\/bs\/2020\/h\/B\/C0q8v4RXOsbTXC7sMU0w\/paquistao.jpg\" alt=\"Reverendo Shahid Mehraj celebra missa de P\u00e1scoa transmitida ao vivo pela Catedral da Ressurrei\u00e7\u00e3o e, Lahore, no Paquist\u00e3o \u2014 Foto: K.M. Chaudary \/ AP Photo\"\/><\/figure>\n\n\n\n<p class=\"has-text-align-justify\">Reverendo Shahid Mehraj celebra missa de P\u00e1scoa transmitida ao vivo pela Catedral da Ressurrei\u00e7\u00e3o e, Lahore, no Paquist\u00e3o \u2014 Foto: K.M. Chaudary \/ AP Photo<\/p>\n\n\n\n<figure class=\"wp-block-image\"><img decoding=\"async\" src=\"https:\/\/s2.glbimg.com\/dL4FlCpI78vEjV5fWpIQM143Tv8=\/0x0:5568x3712\/1008x0\/smart\/filters:strip_icc()\/i.s3.glbimg.com\/v1\/AUTH_59edd422c0c84a879bd37670ae4f538a\/internal_photos\/bs\/2020\/m\/E\/Gh8TAgQw6xE4KBARMbQg\/2020-04-12t122029z-753619923-rc203g9odyep-rtrmadp-3-health-coronavirus-easter-italy.jpg\" alt=\"12 de abril - Uma mulher conversa com seus filhos em uma v\u00eddeo chamada durante um almo\u00e7o de P\u00e1scoa em Roma, na It\u00e1lia, devido ao isolamento social para conter casos de coronav\u00edrus \u2014 Foto: Alberto Lingria\/Reuters\"\/><\/figure>\n\n\n\n<p class=\"has-text-align-justify\">12 de abril &#8211; Uma mulher conversa com seus filhos em uma v\u00eddeo chamada durante um almo\u00e7o de P\u00e1scoa em Roma, na It\u00e1lia, devido ao isolamento social para conter casos de coronav\u00edrus \u2014 Foto: Alberto Lingria\/Reuters<\/p>\n\n\n\n<figure class=\"wp-block-image\"><img decoding=\"async\" src=\"https:\/\/s2.glbimg.com\/FH0p44wRZF3DwEOB9GrSFlWTa1k=\/0x0:4328x2808\/1008x0\/smart\/filters:strip_icc()\/i.s3.glbimg.com\/v1\/AUTH_59edd422c0c84a879bd37670ae4f538a\/internal_photos\/bs\/2020\/7\/p\/EHlsAxQwuUO515RLigEw\/praca.jpg\" alt=\"Policiais na Pra\u00e7a de S\u00e3o Pedro, enquanto o Papa Francisco celebra a missa do Domingo de P\u00e1scoa \u2014 Foto: Guglielmo Mangiapane \/ Reuters\"\/><\/figure>\n\n\n\n<p class=\"has-text-align-justify\">Policiais na Pra\u00e7a de S\u00e3o Pedro, enquanto o Papa Francisco celebra a missa do Domingo de P\u00e1scoa \u2014 Foto: Guglielmo Mangiapane \/ Reuters<\/p>\n\n\n\n<figure class=\"wp-block-image\"><img decoding=\"async\" src=\"https:\/\/s2.glbimg.com\/rAqZoikTXlOVyMy7IMhfEoe3fqM=\/0x0:3299x2200\/1008x0\/smart\/filters:strip_icc()\/i.s3.glbimg.com\/v1\/AUTH_59edd422c0c84a879bd37670ae4f538a\/internal_photos\/bs\/2020\/7\/Q\/EysHHzR5e4Csh8t3dK6A\/telhado.jpg\" alt=\"Don Carlo Purgatorio e assessores celebram a Missa do Domingo de P\u00e1scoa no telhado da igreja Santa Emerenziana em Roma \u2014 Foto: Luigi Navarra \/ AP Photo\"\/><\/figure>\n\n\n\n<p class=\"has-text-align-justify\">Don Carlo Purgatorio e assessores celebram a Missa do Domingo de P\u00e1scoa no telhado da igreja Santa Emerenziana em Roma \u2014 Foto: Luigi Navarra \/ AP Photo<\/p>\n\n\n\n<figure class=\"wp-block-image\"><img decoding=\"async\" src=\"https:\/\/s2.glbimg.com\/yz7T-I3qs0hcqSruOfBCL1R7bRI=\/0x0:5714x4029\/1008x0\/smart\/filters:strip_icc()\/i.s3.glbimg.com\/v1\/AUTH_59edd422c0c84a879bd37670ae4f538a\/internal_photos\/bs\/2020\/Y\/F\/gYvdKIR3iMbQ9gI624sw\/israel.jpg\" alt=\"Crist\u00e3o em frente \u00e0 Igreja do Santo Sepulcro, em Israel, antes do in\u00edcio do culto de domingo de P\u00e1scoa \u2014 Foto: Emmanuel Dunand \/ AFP Photo\"\/><\/figure>\n\n\n\n<p class=\"has-text-align-justify\">Crist\u00e3o em frente \u00e0 Igreja do Santo Sepulcro, em Israel, antes do in\u00edcio do culto de domingo de P\u00e1scoa \u2014 Foto: Emmanuel Dunand \/ AFP Photo<\/p>\n\n\n\n<figure class=\"wp-block-image\"><img decoding=\"async\" src=\"https:\/\/s2.glbimg.com\/dmsmPIu7B0S4OEmExnT3uIh7vPs=\/0x0:4928x3280\/1008x0\/smart\/filters:strip_icc()\/i.s3.glbimg.com\/v1\/AUTH_59edd422c0c84a879bd37670ae4f538a\/internal_photos\/bs\/2020\/e\/D\/dH91v0Q3eAlqcSjbQpAg\/bulgaria.jpg\" alt=\"Fi\u00e9is participam do culto de Domingo de Ramos na catedral de Alexander Nevski, em Sofia, Bulg\u00e1ria \u2014 Foto: Nikolay Doychinov \/ AFP Photo\"\/><\/figure>\n\n\n\n<p class=\"has-text-align-justify\">Fi\u00e9is participam do culto de Domingo de Ramos na catedral de Alexander Nevski, em Sofia, Bulg\u00e1ria \u2014 Foto: Nikolay Doychinov \/ AFP Photo<br><\/p>\n\n\n\n<p><strong>Fonte: G1<\/strong><\/p>\n","protected":false},"excerpt":{"rendered":"<p>Foto: Reprodu\u00e7\u00e3o\/Direitos Reservados Pandemia de coronav\u00edrus interferiu nos eventos. Por G1 Fotos: Reprodu\u00e7\u00e3o\/Direitos Reservados Papa Francisco celebrou missa do Domingo de P\u00e1scoa, com as portas da Bas\u00edlica de S\u00e3o Pedro, no Vaticano, fechadas \u2014 Foto: Andreas Solaro \/ AFP Papa Francisco d\u00e1 a ben\u00e7\u00e3o &#8220;Urbi et Orbi&#8221; na Bas\u00edlica de S\u00e3o Pedro, neste domingo de [&hellip;]<\/p>\n","protected":false},"author":1,"featured_media":6740,"comment_status":"open","ping_status":"open","sticky":false,"template":"","format":"standard","meta":{"beyondwords_generate_audio":"","beyondwords_project_id":"","beyondwords_podcast_id":"","beyondwords_hash":"","beyondwords_error_message":"","beyondwords_disabled":"","publish_post_to_speechkit":"","speechkit_generate_audio":"","speechkit_project_id":"","speechkit_podcast_id":"","speechkit_hash":"","speechkit_error_message":"","speechkit_disabled":"","speechkit_access_key":"","speechkit_error":"","speechkit_info":"","speechkit_response":"","speechkit_retries":"","_speechkit_link":"","_speechkit_text":""},"categories":[134],"tags":[1297,2479,137],"jetpack_featured_media_url":"","_links":{"self":[{"href":"https:\/\/pinews.com.br\/index.php\/wp-json\/wp\/v2\/posts\/6727"}],"collection":[{"href":"https:\/\/pinews.com.br\/index.php\/wp-json\/wp\/v2\/posts"}],"about":[{"href":"https:\/\/pinews.com.br\/index.php\/wp-json\/wp\/v2\/types\/post"}],"author":[{"embeddable":true,"href":"https:\/\/pinews.com.br\/index.php\/wp-json\/wp\/v2\/users\/1"}],"replies":[{"embeddable":true,"href":"https:\/\/pinews.com.br\/index.php\/wp-json\/wp\/v2\/comments?post=6727"}],"version-history":[{"count":0,"href":"https:\/\/pinews.com.br\/index.php\/wp-json\/wp\/v2\/posts\/6727\/revisions"}],"wp:featuredmedia":[{"embeddable":true,"href":"https:\/\/pinews.com.br\/index.php\/wp-json\/"}],"wp:attachment":[{"href":"https:\/\/pinews.com.br\/index.php\/wp-json\/wp\/v2\/media?parent=6727"}],"wp:term":[{"taxonomy":"category","embeddable":true,"href":"https:\/\/pinews.com.br\/index.php\/wp-json\/wp\/v2\/categories?post=6727"},{"taxonomy":"post_tag","embeddable":true,"href":"https:\/\/pinews.com.br\/index.php\/wp-json\/wp\/v2\/tags?post=6727"}],"curies":[{"name":"wp","href":"https:\/\/api.w.org\/{rel}","templated":true}]}}