{"id":6831,"date":"2020-04-15T12:16:09","date_gmt":"2020-04-15T15:16:09","guid":{"rendered":"https:\/\/pinews.com.br\/?p=6831"},"modified":"2020-04-15T12:16:09","modified_gmt":"2020-04-15T15:16:09","slug":"55-das-pessoas-diagnosticadas-com-coronavirus-no-brasil-estao-recuperadas","status":"publish","type":"post","link":"https:\/\/pinews.com.br\/index.php\/2020\/04\/15\/55-das-pessoas-diagnosticadas-com-coronavirus-no-brasil-estao-recuperadas\/","title":{"rendered":"55% das pessoas diagnosticadas com coronav\u00edrus no Brasil est\u00e3o recuperadas"},"content":{"rendered":"\n<p>Foto: Reprodu\u00e7\u00e3o <\/p>\n\n\n\n<p style=\"text-align:justify\">Nesta ter\u00e7a-feira (14\/4), o Minist\u00e9rio da Sa\u00fade divulgou o dado in\u00e9dito do n\u00famero de pacientes recuperados da Covid-19. De acordo com a pasta, 14.026 dos 25.262 pacientes diagnosticados com o novo coronav\u00edrus se recuperaram e est\u00e3o curados da doen\u00e7a. Com isso, \u00e9 poss\u00edvel afirmar que mais da metade dos infectados no Brasil se recuperaram.<\/p>\n\n\n\n<p style=\"text-align:justify\">\u201cIsso representa 55% das pessoas que tiveram um diagn\u00f3stico comprovado\u201d, afirmou o secret\u00e1rio-executivo da pasta, Jo\u00e3o Gabbardo. Segundo ele, a metodologia \u00e9 baseada no n\u00famero de casos confirmados. \u201cA regra adotada nos outros pa\u00edses \u00e9 a mesma que n\u00f3s vamos oferecer para voc\u00eas. S\u00f3 posso falar do paciente recuperado a partir do paciente que eu confirmei de Covid-19, n\u00e3o posso falar daqueles que s\u00e3o assintom\u00e1ticos\u201d, explicou.<\/p>\n\n\n\n<p style=\"text-align:justify\">Anteriormente, somente alguns estados informavam este dado. No entanto, a partir de hoje o Minist\u00e9rio da Sa\u00fade tamb\u00e9m passar\u00e1 a informar o n\u00famero de recuperados. Segundo o secret\u00e1rio-executivo do \u00f3rg\u00e3o, Jo\u00e3o Gabbardo, a aus\u00eancia da divulga\u00e7\u00e3o dos recuperados, por parte do minist\u00e9rio, gerou uma narrativa \u201cum tanto estranha\u201d nas redes sociais. \u201cSe criou uma narrativa nas redes sociais de que o minist\u00e9rio propositalmente n\u00e3o apresenta o dado de recupera\u00e7\u00e3o tentando criar uma imagem de que o bicho \u00e9 pior do que realmente \u00e9. E n\u00e3o \u00e9 nada disso\u201d, afirmou.<\/p>\n\n\n\n<p style=\"text-align:justify\">O ministro da Sa\u00fade, Luiz Henrique Mandetta, pediu foco no momento de enfrentamento ao v\u00edrus. \u201cO momento \u00e9 de ter foco, disciplina, ci\u00eancias. A ci\u00eancia vai nos mostrando o caminho, o foco para n\u00e3o perder a vis\u00e3o desse nosso advers\u00e1rio chamado coronav\u00edrus e disciplina para irmos atr\u00e1s das melhores pr\u00e1ticas para enfrentar-lo. Acho que se a gente for dessa maneira a gente vai, sa\u00fade vai conseguir atravessar isso com estresse menor para nossa popula\u00e7\u00e3o\u201d, pontuou.<\/p>\n\n\n\n<p><strong>Fonte: Correio Braziliense<\/strong><\/p>\n","protected":false},"excerpt":{"rendered":"<p>Foto: Reprodu\u00e7\u00e3o Nesta ter\u00e7a-feira (14\/4), o Minist\u00e9rio da Sa\u00fade divulgou o dado in\u00e9dito do n\u00famero de pacientes recuperados da Covid-19. De acordo com a pasta, 14.026 dos 25.262 pacientes diagnosticados com o novo coronav\u00edrus se recuperaram e est\u00e3o curados da doen\u00e7a. Com isso, \u00e9 poss\u00edvel afirmar que mais da metade dos infectados no Brasil se [&hellip;]<\/p>\n","protected":false},"author":1,"featured_media":6832,"comment_status":"open","ping_status":"open","sticky":false,"template":"","format":"standard","meta":{"beyondwords_generate_audio":"","beyondwords_project_id":"","beyondwords_podcast_id":"","beyondwords_hash":"","beyondwords_error_message":"","beyondwords_disabled":"","publish_post_to_speechkit":"","speechkit_generate_audio":"","speechkit_project_id":"","speechkit_podcast_id":"","speechkit_hash":"","speechkit_error_message":"","speechkit_disabled":"","speechkit_access_key":"","speechkit_error":"","speechkit_info":"","speechkit_response":"","speechkit_retries":"","_speechkit_link":"","_speechkit_text":""},"categories":[134,1288],"tags":[2522,1093,1952,2271],"jetpack_featured_media_url":"","_links":{"self":[{"href":"https:\/\/pinews.com.br\/index.php\/wp-json\/wp\/v2\/posts\/6831"}],"collection":[{"href":"https:\/\/pinews.com.br\/index.php\/wp-json\/wp\/v2\/posts"}],"about":[{"href":"https:\/\/pinews.com.br\/index.php\/wp-json\/wp\/v2\/types\/post"}],"author":[{"embeddable":true,"href":"https:\/\/pinews.com.br\/index.php\/wp-json\/wp\/v2\/users\/1"}],"replies":[{"embeddable":true,"href":"https:\/\/pinews.com.br\/index.php\/wp-json\/wp\/v2\/comments?post=6831"}],"version-history":[{"count":0,"href":"https:\/\/pinews.com.br\/index.php\/wp-json\/wp\/v2\/posts\/6831\/revisions"}],"wp:featuredmedia":[{"embeddable":true,"href":"https:\/\/pinews.com.br\/index.php\/wp-json\/"}],"wp:attachment":[{"href":"https:\/\/pinews.com.br\/index.php\/wp-json\/wp\/v2\/media?parent=6831"}],"wp:term":[{"taxonomy":"category","embeddable":true,"href":"https:\/\/pinews.com.br\/index.php\/wp-json\/wp\/v2\/categories?post=6831"},{"taxonomy":"post_tag","embeddable":true,"href":"https:\/\/pinews.com.br\/index.php\/wp-json\/wp\/v2\/tags?post=6831"}],"curies":[{"name":"wp","href":"https:\/\/api.w.org\/{rel}","templated":true}]}}