{"id":6883,"date":"2020-04-16T14:03:09","date_gmt":"2020-04-16T17:03:09","guid":{"rendered":"https:\/\/pinews.com.br\/?p=6883"},"modified":"2020-04-16T14:03:09","modified_gmt":"2020-04-16T17:03:09","slug":"homem-de-caridade-morre-apos-veiculo-tombar-na-pi-459-entre-paulistana-e-curral-novo","status":"publish","type":"post","link":"https:\/\/pinews.com.br\/index.php\/2020\/04\/16\/homem-de-caridade-morre-apos-veiculo-tombar-na-pi-459-entre-paulistana-e-curral-novo\/","title":{"rendered":"Homem de Caridade morre ap\u00f3s ve\u00edculo tombar na PI-459 entre Paulistana e Curral Novo"},"content":{"rendered":"\n<p><em>Foto: Reprodu\u00e7\u00e3o <\/em><\/p>\n\n\n\n<p style=\"text-align:justify\">Na tarde desta quarta-feira, 15, foi registrado um grave acidente com vitima fatal na PI-459 no trecho que interliga a cidade de Curral Novo do Piau\u00ed a Paulistana, especificamente, pr\u00f3ximo ao cruzamento que vai para o povoado Itaizinho e a comunidade Serra Vermelha, zona rural do munic\u00edpio de Paulistana.<\/p>\n\n\n\n<p style=\"text-align:justify\">De acordo com informa\u00e7\u00f5es, o acidente ocorreu por volta das 13h, quando o motorista do ve\u00edculo picape strada conhecido como Netinho de T\u00f4ta tentou desviar de um buraco na rodovia e perdeu o controle do carro, fazendo com que o ve\u00edculo sa\u00edsse da estrada e tombasse.<\/p>\n\n\n\n<p style=\"text-align:justify\">Segundo informa\u00e7\u00f5es, com o impacto do acidente, o motorista do ve\u00edculo teve um pequeno corte na cabe\u00e7a e o passageiro do banco traseiro conhecido como Paulo tamb\u00e9m teve um corte na cabe\u00e7a, onde foi socorrido e encaminhado para o Hospital Regional de Paulistana.<\/p>\n\n\n\n<p style=\"text-align:justify\">J\u00e1 o passageiro do banco da frente do veiculo que foi identificado apenas como Ter\u00f4 da Ingazeira foi jogado para fora da picape strada e faleceu ainda no local do acidente. A v\u00edtima residia no povoado Ingazeira em Caridade do Piau\u00ed, deixa a esposa e cinco filhos.<\/p>\n\n\n\n<p><strong>Fonte: Cidades em Foco<\/strong><\/p>\n","protected":false},"excerpt":{"rendered":"<p>Foto: Reprodu\u00e7\u00e3o Na tarde desta quarta-feira, 15, foi registrado um grave acidente com vitima fatal na PI-459 no trecho que interliga a cidade de Curral Novo do Piau\u00ed a Paulistana, especificamente, pr\u00f3ximo ao cruzamento que vai para o povoado Itaizinho e a comunidade Serra Vermelha, zona rural do munic\u00edpio de Paulistana. De acordo com informa\u00e7\u00f5es, [&hellip;]<\/p>\n","protected":false},"author":1,"featured_media":6884,"comment_status":"open","ping_status":"open","sticky":false,"template":"","format":"standard","meta":{"beyondwords_generate_audio":"","beyondwords_project_id":"","beyondwords_podcast_id":"","beyondwords_hash":"","beyondwords_error_message":"","beyondwords_disabled":"","publish_post_to_speechkit":"","speechkit_generate_audio":"","speechkit_project_id":"","speechkit_podcast_id":"","speechkit_hash":"","speechkit_error_message":"","speechkit_disabled":"","speechkit_access_key":"","speechkit_error":"","speechkit_info":"","speechkit_response":"","speechkit_retries":"","_speechkit_link":"","_speechkit_text":""},"categories":[124,51],"tags":[2544,2545,276,2546],"jetpack_featured_media_url":"","_links":{"self":[{"href":"https:\/\/pinews.com.br\/index.php\/wp-json\/wp\/v2\/posts\/6883"}],"collection":[{"href":"https:\/\/pinews.com.br\/index.php\/wp-json\/wp\/v2\/posts"}],"about":[{"href":"https:\/\/pinews.com.br\/index.php\/wp-json\/wp\/v2\/types\/post"}],"author":[{"embeddable":true,"href":"https:\/\/pinews.com.br\/index.php\/wp-json\/wp\/v2\/users\/1"}],"replies":[{"embeddable":true,"href":"https:\/\/pinews.com.br\/index.php\/wp-json\/wp\/v2\/comments?post=6883"}],"version-history":[{"count":0,"href":"https:\/\/pinews.com.br\/index.php\/wp-json\/wp\/v2\/posts\/6883\/revisions"}],"wp:featuredmedia":[{"embeddable":true,"href":"https:\/\/pinews.com.br\/index.php\/wp-json\/"}],"wp:attachment":[{"href":"https:\/\/pinews.com.br\/index.php\/wp-json\/wp\/v2\/media?parent=6883"}],"wp:term":[{"taxonomy":"category","embeddable":true,"href":"https:\/\/pinews.com.br\/index.php\/wp-json\/wp\/v2\/categories?post=6883"},{"taxonomy":"post_tag","embeddable":true,"href":"https:\/\/pinews.com.br\/index.php\/wp-json\/wp\/v2\/tags?post=6883"}],"curies":[{"name":"wp","href":"https:\/\/api.w.org\/{rel}","templated":true}]}}