{"id":6945,"date":"2020-04-19T13:11:39","date_gmt":"2020-04-19T16:11:39","guid":{"rendered":"https:\/\/pinews.com.br\/?p=6945"},"modified":"2020-04-19T13:11:39","modified_gmt":"2020-04-19T16:11:39","slug":"justica-manda-inep-ampliar-prazo-para-isencao-de-taxa-de-inscricao-e-adequar-cronograma-do-enem","status":"publish","type":"post","link":"https:\/\/pinews.com.br\/index.php\/2020\/04\/19\/justica-manda-inep-ampliar-prazo-para-isencao-de-taxa-de-inscricao-e-adequar-cronograma-do-enem\/","title":{"rendered":"Justi\u00e7a manda Inep ampliar prazo para isen\u00e7\u00e3o de taxa de inscri\u00e7\u00e3o e \u2018adequar\u2019 cronograma do Enem"},"content":{"rendered":"\n<p><em>Foto: Reprodu\u00e7\u00e3o <\/em><\/p>\n\n\n\n<p style=\"text-align:justify\">A Justi\u00e7a Federal decidiu nesta sexta-feira (17) que o governo federal deve ampliar em 15 dias o prazo para a solicita\u00e7\u00e3o de isen\u00e7\u00e3o da taxa de inscri\u00e7\u00e3o no Exame Nacional do Ensino M\u00e9dio (Enem) 2020. O encerramento estava previsto para esta sexta. Al\u00e9m disso, a decis\u00e3o liminar determina que o Instituto Nacional de Estudos e Pesquisas Educacionais An\u00edsio Teixeira (Inep), respons\u00e1vel pela organiza\u00e7\u00e3o do exame, promova adequa\u00e7\u00f5es no cronograma do Enem 2020.<\/p>\n\n\n\n<p style=\"text-align:justify\">A decis\u00e3o liminar (provis\u00f3ria) \u00e9 da 12\u00ba Vara C\u00edvel Federal de S\u00e3o Paulo e foi divulgada nesta sexta. O texto pede a \u201cadequa\u00e7\u00e3o do calend\u00e1rio e do cronograma do Enem \u00e0 realidade do atual ano letivo, via comiss\u00e3o ou consulta, dando ci\u00eancia a todos os \u00f3rg\u00e3os e representantes dos Poderes necess\u00e1rios \u00e0 medida\u201d.<\/p>\n\n\n\n<p style=\"text-align:justify\">\u201cA decis\u00e3o determinou que o prazo fica estendido por mais 15 dias, e que o MEC e o Inep v\u00e3o ter que adequar o calend\u00e1rio e o cronograma do Enem a atual realidade do ano letivo, consultando, estabelecendo uma comiss\u00e3o, fazendo consulta, entrando em contato e dando ci\u00eancia a todos os \u00f3rg\u00e3os representantes dos poderes necess\u00e1rios para que a medida seja tomada\u201d \u2013 Jo\u00e3o Paulo Dorini, defensor p\u00fablico.<\/p>\n\n\n\n<p style=\"text-align:justify\">O&nbsp;<strong>G1<\/strong>&nbsp;entrou em contato com o Minist\u00e9rio da Educa\u00e7\u00e3o (MEC) sobre a decis\u00e3o e aguarda retorno.<\/p>\n\n\n\n<p style=\"text-align:justify\">Para os alunos que ir\u00e3o participar da aplica\u00e7\u00e3o do Enem Digital, as provas est\u00e3o agendadas para os dias 11 e 18 de outubro, j\u00e1 a prova presencial est\u00e1 marcada para dia 1 e 8 de novembro de 2020.<\/p>\n\n\n\n<h2>A\u00e7\u00e3o da DPU<\/h2>\n\n\n\n<p style=\"text-align:justify\">A a\u00e7\u00e3o foi movida pela Defensoria P\u00fablica da Uni\u00e3o (DPU) e protocolada na quinta-feira (16). O pedido \u00e9 para que o calend\u00e1rio do exame seja readequado com novas datas conforme a evolu\u00e7\u00e3o da pandemia da Covid-19 no Brasil.<\/p>\n\n\n\n<p style=\"text-align:justify\">Na a\u00e7\u00e3o, a Defensoria afirma que o exame n\u00e3o se adequou \u00e0 nova realidade brasileira e manter a data de realiza\u00e7\u00e3o para outubro deste ano pode ser prejudicial aos estudantes j\u00e1 que diversas escolas p\u00fablicas e particulares suspenderam as aulas por tempo indeterminado.<\/p>\n\n\n\n<p style=\"text-align:justify\">Ainda como justificativa, a Defensoria afirmou que a recomenda\u00e7\u00e3o de que os alunos devem continuar os estudos de forma virtual n\u00e3o condiz com a realidade.<\/p>\n\n\n\n<p style=\"text-align:justify\">\u201cDe acordo com os dados colhidos pelo TIC Educa\u00e7\u00e3o 2018 e pelo TIC Domic\u00edlios 2018, sabe-se que as condi\u00e7\u00f5es de ensino \u00e0 dist\u00e2ncia para os estudantes brasileiros s\u00e3o desiguais. Afinal, 30% da popula\u00e7\u00e3o n\u00e3o possui acesso \u00e0 internet, assim como 43% das escolas rurais. Al\u00e9m disso, cabe ressaltar que nem todos os alunos possuem livros did\u00e1ticos e materiais de estudo em casa e devido a orienta\u00e7\u00f5es m\u00e9dicas e sanit\u00e1rias, bibliotecas foram fechadas, dificultando ainda mais o acesso a materiais did\u00e1ticos e a prepara\u00e7\u00e3o para o Exame Nacional do Ensino M\u00e9dio (ENEM)\u201d.<\/p>\n\n\n\n<p><strong>Fonte: G1<\/strong><\/p>\n","protected":false},"excerpt":{"rendered":"<p>Foto: Reprodu\u00e7\u00e3o A Justi\u00e7a Federal decidiu nesta sexta-feira (17) que o governo federal deve ampliar em 15 dias o prazo para a solicita\u00e7\u00e3o de isen\u00e7\u00e3o da taxa de inscri\u00e7\u00e3o no Exame Nacional do Ensino M\u00e9dio (Enem) 2020. O encerramento estava previsto para esta sexta. Al\u00e9m disso, a decis\u00e3o liminar determina que o Instituto Nacional de [&hellip;]<\/p>\n","protected":false},"author":1,"featured_media":6946,"comment_status":"open","ping_status":"open","sticky":false,"template":"","format":"standard","meta":{"beyondwords_generate_audio":"","beyondwords_project_id":"","beyondwords_podcast_id":"","beyondwords_hash":"","beyondwords_error_message":"","beyondwords_disabled":"","publish_post_to_speechkit":"","speechkit_generate_audio":"","speechkit_project_id":"","speechkit_podcast_id":"","speechkit_hash":"","speechkit_error_message":"","speechkit_disabled":"","speechkit_access_key":"","speechkit_error":"","speechkit_info":"","speechkit_response":"","speechkit_retries":"","_speechkit_link":"","_speechkit_text":""},"categories":[394,134],"tags":[2575,395,2576,2577],"jetpack_featured_media_url":"","_links":{"self":[{"href":"https:\/\/pinews.com.br\/index.php\/wp-json\/wp\/v2\/posts\/6945"}],"collection":[{"href":"https:\/\/pinews.com.br\/index.php\/wp-json\/wp\/v2\/posts"}],"about":[{"href":"https:\/\/pinews.com.br\/index.php\/wp-json\/wp\/v2\/types\/post"}],"author":[{"embeddable":true,"href":"https:\/\/pinews.com.br\/index.php\/wp-json\/wp\/v2\/users\/1"}],"replies":[{"embeddable":true,"href":"https:\/\/pinews.com.br\/index.php\/wp-json\/wp\/v2\/comments?post=6945"}],"version-history":[{"count":0,"href":"https:\/\/pinews.com.br\/index.php\/wp-json\/wp\/v2\/posts\/6945\/revisions"}],"wp:featuredmedia":[{"embeddable":true,"href":"https:\/\/pinews.com.br\/index.php\/wp-json\/"}],"wp:attachment":[{"href":"https:\/\/pinews.com.br\/index.php\/wp-json\/wp\/v2\/media?parent=6945"}],"wp:term":[{"taxonomy":"category","embeddable":true,"href":"https:\/\/pinews.com.br\/index.php\/wp-json\/wp\/v2\/categories?post=6945"},{"taxonomy":"post_tag","embeddable":true,"href":"https:\/\/pinews.com.br\/index.php\/wp-json\/wp\/v2\/tags?post=6945"}],"curies":[{"name":"wp","href":"https:\/\/api.w.org\/{rel}","templated":true}]}}