{"id":6992,"date":"2020-04-20T19:08:24","date_gmt":"2020-04-20T22:08:24","guid":{"rendered":"https:\/\/pinews.com.br\/?p=6992"},"modified":"2020-04-20T19:08:24","modified_gmt":"2020-04-20T22:08:24","slug":"auxilio-de-r-600-segunda-parcela-e-antecipada-para-quinta-feira-23-veja-datas","status":"publish","type":"post","link":"https:\/\/pinews.com.br\/index.php\/2020\/04\/20\/auxilio-de-r-600-segunda-parcela-e-antecipada-para-quinta-feira-23-veja-datas\/","title":{"rendered":"Aux\u00edlio de R$ 600: segunda parcela \u00e9 antecipada; veja datas"},"content":{"rendered":"\n<p><em>Foto: Reprodu\u00e7\u00e3o<\/em> <\/p>\n\n\n\n<p style=\"text-align:justify\">O presidente da&nbsp;Caixa Econ\u00f4mica Federal, Pedro Guimar\u00e3es, anunciou nesta segunda-feira (20) a antecipa\u00e7\u00e3o do pagamento da segunda parcela do&nbsp;aux\u00edlio emergencial de R$ 600.<\/p>\n\n\n\n<p style=\"text-align:justify\">Guimar\u00e3es deu a informa\u00e7\u00e3o ao participar de uma entrevista coletiva no Pal\u00e1cio do Planalto com outros integrantes do governo.<\/p>\n\n\n\n<p style=\"text-align:justify\">No calend\u00e1rio inicial, o pagamento come\u00e7aria no pr\u00f3ximo dia 27. Pelo novo calend\u00e1rio, a segunda parcela ser\u00e1 paga nas seguintes datas:<\/p>\n\n\n\n<figure class=\"wp-block-image\"><img decoding=\"async\" src=\"https:\/\/pinews.com.br\/wp-content\/uploads\/2020\/04\/20200420_190624.jpg\" alt=\"\" class=\"wp-image-6995\"\/><\/figure>\n\n\n\n<p style=\"text-align:justify\">O aux\u00edlio de R$ 600 foi aprovado pelo&nbsp;Congresso Nacional&nbsp;e sancionado pelo governo para ajudar os trabalhadores informais em meio \u00e0&nbsp;pandemia&nbsp;do novo coronav\u00edrus.<\/p>\n\n\n\n<p style=\"text-align:justify\">Com a pandemia, diversos setores al\u00e9m da sa\u00fade t\u00eam sido afetados e, com isso, a pandemia tem provocado&nbsp;efeitos tamb\u00e9m na economia.<\/p>\n\n\n\n<h2>Bolsa Fam\u00edlia<\/h2>\n\n\n\n<p style=\"text-align:justify\">De acordo com o presidente da Caixa Econ\u00f4mica, a segunda parcela ser\u00e1 antecipada para as pessoas inscritas no Cadastro \u00danico (Cad\u00danico) e para quem se inscreveu via aplicativo ou site da Caixa.<\/p>\n\n\n\n<p style=\"text-align:justify\">Os benefici\u00e1rios do Bolsa Fam\u00edlia, contudo, seguir\u00e3o o cronograma de pagamento previsto para o programa. Conforme o calend\u00e1rio anunciado em 7 de abril, as pr\u00f3ximas parcelas ser\u00e3o pagas em:<\/p>\n\n\n\n<ul><li><strong>segunda parcela:<\/strong>&nbsp;nos \u00faltimos dez dias \u00fateis de maio;<\/li><li><strong>terceira parcela:<\/strong>&nbsp;nos \u00faltimos dez dias \u00fateis de junho.<\/li><\/ul>\n\n\n\n<h2>Base de dados<\/h2>\n\n\n\n<p style=\"text-align:justify\">Segundo Pedro Guimar\u00e3es, a antecipa\u00e7\u00e3o da segunda parcela foi poss\u00edvel porque a capacidade de pagamento supera o n\u00famero de dados fornecidos pela Empresa de Tecnologia e Informa\u00e7\u00f5es da Previd\u00eancia (Dataprev), respons\u00e1vel por checar as informa\u00e7\u00f5es dadas pelos cidad\u00e3os.<\/p>\n\n\n\n<p style=\"text-align:justify\">O presidente da Caixa explicou que 40 milh\u00f5es de pessoas j\u00e1 se cadastraram para receber o benef\u00edcio, mas o Dataprev informou os dados de 13 milh\u00f5es. Segundo Guimar\u00e3es, a Caixa tem capacidade maior de pagamento.<\/p>\n\n\n\n<p style=\"text-align:justify\">&#8220;Como n\u00e3o recebemos [toda] a base de dados, antecipamos o pagamento. Se tiv\u00e9ssemos recebido a base de dados, n\u00e3o ter\u00edamos antecipado&#8221;, destacou.<\/p>\n\n\n\n<h2>Regulariza\u00e7\u00e3o do CPF<\/h2>\n\n\n\n<p style=\"text-align:justify\">Uma das exig\u00eancias da&nbsp;Receita Federal&nbsp;para que a pessoa receba os R$ 600 \u00e9 a regulariza\u00e7\u00e3o do Cadastro de Pessoa F\u00edsica (CPF).<\/p>\n\n\n\n<p style=\"text-align:justify\">Na semana passada, o Tribunal Regional Federal da Primeira Regi\u00e3o (TRF-1), com sede em Bras\u00edlia,&nbsp;derrubou a exig\u00eancia.<\/p>\n\n\n\n<p style=\"text-align:justify\">O governo federal, contudo,&nbsp;recorreu,&nbsp;e o Superior Tribunal de Justi\u00e7a (STJ) decidiu nesta segunda-feira&nbsp;derrubar&nbsp;a decis\u00e3o. Com isso,&nbsp;voltou a valer a exig\u00eancia do CPF regularizado.<\/p>\n\n\n\n<p><strong>Fonte: G1<\/strong><\/p>\n","protected":false},"excerpt":{"rendered":"<p>Foto: Reprodu\u00e7\u00e3o O presidente da&nbsp;Caixa Econ\u00f4mica Federal, Pedro Guimar\u00e3es, anunciou nesta segunda-feira (20) a antecipa\u00e7\u00e3o do pagamento da segunda parcela do&nbsp;aux\u00edlio emergencial de R$ 600. Guimar\u00e3es deu a informa\u00e7\u00e3o ao participar de uma entrevista coletiva no Pal\u00e1cio do Planalto com outros integrantes do governo. No calend\u00e1rio inicial, o pagamento come\u00e7aria no pr\u00f3ximo dia 27. Pelo [&hellip;]<\/p>\n","protected":false},"author":1,"featured_media":6994,"comment_status":"open","ping_status":"open","sticky":false,"template":"","format":"standard","meta":{"beyondwords_generate_audio":"","beyondwords_project_id":"","beyondwords_podcast_id":"","beyondwords_hash":"","beyondwords_error_message":"","beyondwords_disabled":"","publish_post_to_speechkit":"","speechkit_generate_audio":"","speechkit_project_id":"","speechkit_podcast_id":"","speechkit_hash":"","speechkit_error_message":"","speechkit_disabled":"","speechkit_access_key":"","speechkit_error":"","speechkit_info":"","speechkit_response":"","speechkit_retries":"","_speechkit_link":"","_speechkit_text":""},"categories":[516,134],"tags":[2601,2602],"jetpack_featured_media_url":"","_links":{"self":[{"href":"https:\/\/pinews.com.br\/index.php\/wp-json\/wp\/v2\/posts\/6992"}],"collection":[{"href":"https:\/\/pinews.com.br\/index.php\/wp-json\/wp\/v2\/posts"}],"about":[{"href":"https:\/\/pinews.com.br\/index.php\/wp-json\/wp\/v2\/types\/post"}],"author":[{"embeddable":true,"href":"https:\/\/pinews.com.br\/index.php\/wp-json\/wp\/v2\/users\/1"}],"replies":[{"embeddable":true,"href":"https:\/\/pinews.com.br\/index.php\/wp-json\/wp\/v2\/comments?post=6992"}],"version-history":[{"count":0,"href":"https:\/\/pinews.com.br\/index.php\/wp-json\/wp\/v2\/posts\/6992\/revisions"}],"wp:featuredmedia":[{"embeddable":true,"href":"https:\/\/pinews.com.br\/index.php\/wp-json\/"}],"wp:attachment":[{"href":"https:\/\/pinews.com.br\/index.php\/wp-json\/wp\/v2\/media?parent=6992"}],"wp:term":[{"taxonomy":"category","embeddable":true,"href":"https:\/\/pinews.com.br\/index.php\/wp-json\/wp\/v2\/categories?post=6992"},{"taxonomy":"post_tag","embeddable":true,"href":"https:\/\/pinews.com.br\/index.php\/wp-json\/wp\/v2\/tags?post=6992"}],"curies":[{"name":"wp","href":"https:\/\/api.w.org\/{rel}","templated":true}]}}