{"id":7008,"date":"2020-04-21T11:29:10","date_gmt":"2020-04-21T14:29:10","guid":{"rendered":"https:\/\/pinews.com.br\/?p=7008"},"modified":"2020-04-21T11:29:10","modified_gmt":"2020-04-21T14:29:10","slug":"pgm-de-picos-vai-processar-criminalmente-pessoas-que-negam-que-idosa-morreu-vitima-de-covid-19","status":"publish","type":"post","link":"https:\/\/pinews.com.br\/index.php\/2020\/04\/21\/pgm-de-picos-vai-processar-criminalmente-pessoas-que-negam-que-idosa-morreu-vitima-de-covid-19\/","title":{"rendered":"PGM de Picos vai processar criminalmente pessoas que negam que idosa morreu v\u00edtima de Covid-19"},"content":{"rendered":"\n<p><em>Foto: Reprodu\u00e7\u00e3o <\/em><\/p>\n\n\n\n<p style=\"text-align:justify\">A Procuradoria Geral do Munic\u00edpio de Picos, atrav\u00e9s do advogado Maycon Luz, afirmou que vai processar civil e criminalmente as pessoas que tem espalhado \u00e1udios e demais publica\u00e7\u00f5es em redes sociais negando que a idosa de 79 anos, falecida na noite da quinta-feira (16), no Hospital Regional Justino Luz (HRJL), tenha sido v\u00edtima da Covid-19.<\/p>\n\n\n\n<p style=\"text-align:justify\">\u201cA Procuradoria do Munic\u00edpio est\u00e1 preparando representa\u00e7\u00f5es criminais para o Minist\u00e9rio P\u00fablico e para a Pol\u00edcia Civil, para apurar a pr\u00e1tica de crimes contra a honra e crimes contra a sa\u00fade p\u00fablica, e tamb\u00e9m a\u00e7\u00f5es c\u00edveis de repara\u00e7\u00e3o de danos, tendo em vista que o trabalho e a credibilidade dos agentes p\u00fablicos Munic\u00edpio de Picos est\u00e1 sendo atingida\u201d, declarou Maycon.<\/p>\n\n\n\n<p style=\"text-align:justify\">O procurador alegou que a situa\u00e7\u00e3o se torna mais delicada em decorr\u00eancia desse momento em que todos est\u00e3o com medo da pandemia do coronav\u00edrus. \u201cEnquanto o Munic\u00edpio de Picos est\u00e1 adotando a pol\u00edtica do isolamento social, esses \u00e1udios e mensagens acabam confundindo a cabe\u00e7a das pessoas que terminam por desacreditar das a\u00e7\u00f5es e decretos propostos pelas autoridades\u201d, afirmou.<\/p>\n\n\n\n<p style=\"text-align:justify\">Maycon Luz alegou ainda que os questionamentos quanto aos resultados dos exames que atestaram que idosa tinha coronav\u00edrus tem gerado um grande desconforto social uma vez que h\u00e1 a insinua\u00e7\u00e3o que os agentes p\u00fablicos \u201cestariam falsificando documentos\u201d.<\/p>\n\n\n\n<p style=\"text-align:justify\"><strong>Boletim<\/strong><\/p>\n\n\n\n<p style=\"text-align:justify\">A informa\u00e7\u00e3o de que a idosa do munic\u00edpio de Picos tinha morrido em decorr\u00eancia do coronav\u00edrus foi divulgada no boletim da Secretaria Estadual de Sa\u00fade (SESAPI) na noite do \u00faltimo s\u00e1bado (18). A senhora em quest\u00e3o estava em S\u00e3o Paulo a passeio e retornou h\u00e1 15 dias. Na noite da quinta-feira ela se sentiu mal e foi levada \u00e0s pressas para o Hospital Regional, mas n\u00e3o resistiu e veio a \u00f3bito;<\/p>\n\n\n\n<p style=\"text-align:justify\">No s\u00e1bado a Sesapi informou que ela era o d\u00e9cimo \u00f3bito por coronav\u00edrus no Piau\u00ed e o primeiro em Picos. Desde ent\u00e3o a pol\u00eamica n\u00e3o para, com muitos questionamentos e discuss\u00f5es nas redes sociais sobre a veracidade das informa\u00e7\u00f5es. E agora, como discorrido na mat\u00e9ria, essa quest\u00e3o terminar\u00e1 na justi\u00e7a.<\/p>\n\n\n\n<p><strong>Fonte: Boletim do Sert\u00e3o<\/strong><\/p>\n","protected":false},"excerpt":{"rendered":"<p>Foto: Reprodu\u00e7\u00e3o A Procuradoria Geral do Munic\u00edpio de Picos, atrav\u00e9s do advogado Maycon Luz, afirmou que vai processar civil e criminalmente as pessoas que tem espalhado \u00e1udios e demais publica\u00e7\u00f5es em redes sociais negando que a idosa de 79 anos, falecida na noite da quinta-feira (16), no Hospital Regional Justino Luz (HRJL), tenha sido v\u00edtima [&hellip;]<\/p>\n","protected":false},"author":1,"featured_media":7009,"comment_status":"open","ping_status":"open","sticky":false,"template":"","format":"standard","meta":{"beyondwords_generate_audio":"","beyondwords_project_id":"","beyondwords_podcast_id":"","beyondwords_hash":"","beyondwords_error_message":"","beyondwords_disabled":"","publish_post_to_speechkit":"","speechkit_generate_audio":"","speechkit_project_id":"","speechkit_podcast_id":"","speechkit_hash":"","speechkit_error_message":"","speechkit_disabled":"","speechkit_access_key":"","speechkit_error":"","speechkit_info":"","speechkit_response":"","speechkit_retries":"","_speechkit_link":"","_speechkit_text":""},"categories":[51,126,78],"tags":[340,259,2605,125,2606,2607],"jetpack_featured_media_url":"","_links":{"self":[{"href":"https:\/\/pinews.com.br\/index.php\/wp-json\/wp\/v2\/posts\/7008"}],"collection":[{"href":"https:\/\/pinews.com.br\/index.php\/wp-json\/wp\/v2\/posts"}],"about":[{"href":"https:\/\/pinews.com.br\/index.php\/wp-json\/wp\/v2\/types\/post"}],"author":[{"embeddable":true,"href":"https:\/\/pinews.com.br\/index.php\/wp-json\/wp\/v2\/users\/1"}],"replies":[{"embeddable":true,"href":"https:\/\/pinews.com.br\/index.php\/wp-json\/wp\/v2\/comments?post=7008"}],"version-history":[{"count":0,"href":"https:\/\/pinews.com.br\/index.php\/wp-json\/wp\/v2\/posts\/7008\/revisions"}],"wp:featuredmedia":[{"embeddable":true,"href":"https:\/\/pinews.com.br\/index.php\/wp-json\/"}],"wp:attachment":[{"href":"https:\/\/pinews.com.br\/index.php\/wp-json\/wp\/v2\/media?parent=7008"}],"wp:term":[{"taxonomy":"category","embeddable":true,"href":"https:\/\/pinews.com.br\/index.php\/wp-json\/wp\/v2\/categories?post=7008"},{"taxonomy":"post_tag","embeddable":true,"href":"https:\/\/pinews.com.br\/index.php\/wp-json\/wp\/v2\/tags?post=7008"}],"curies":[{"name":"wp","href":"https:\/\/api.w.org\/{rel}","templated":true}]}}