{"id":7084,"date":"2020-04-23T08:00:00","date_gmt":"2020-04-23T11:00:00","guid":{"rendered":"https:\/\/pinews.com.br\/?p=7084"},"modified":"2020-04-23T08:00:00","modified_gmt":"2020-04-23T11:00:00","slug":"ministerio-cancela-antecipacao-de-2a-parcela-de-auxilio-emergencial","status":"publish","type":"post","link":"https:\/\/pinews.com.br\/index.php\/2020\/04\/23\/ministerio-cancela-antecipacao-de-2a-parcela-de-auxilio-emergencial\/","title":{"rendered":"Minist\u00e9rio cancela antecipa\u00e7\u00e3o de 2\u00aa parcela de aux\u00edlio emergencial"},"content":{"rendered":"\n<p>\u00a9 Marcello Casal JrAg\u00eancia Brasil<\/p>\n\n\n\n<p style=\"text-align:justify\"><br>O Minist\u00e9rio da Cidadania informou, em nota divulgada na noite de hoje (22), que o governo est\u00e1 impedido legalmente de fazer a antecipa\u00e7\u00e3o da segunda parcela do aux\u00edlio emergencial de R$ 600. Na segunda-feira (22), o presidente da Caixa Econ\u00f4mica Federal, Pedro Guimar\u00e3es, anunciou que os trabalhadores informais e pessoas inscritas no Cadastro \u00danico de Programas Sociais do governo federal (Cad\u00danico) nascidas em janeiro e fevereiro&nbsp;receberiam a segunda parcela&nbsp;amanh\u00e3 (23).&nbsp;<\/p>\n\n\n\n<p style=\"text-align:justify\">Segundo a nota, o minist\u00e9rio recebeu uma recomenda\u00e7\u00e3o da Controladoria Geral da Uni\u00e3o (CGU) e cancelou a antecipa\u00e7\u00e3o da segunda parcela.&nbsp;<\/p>\n\n\n\n<p style=\"text-align:justify\">O Minist\u00e9rio da Cidadania explicou que, devido ao alto n\u00famero de informais cadastrados, o recurso dispon\u00edvel para cada uma das tr\u00eas parcelas \u00e9 de R$ 32,7 bilh\u00f5es, j\u00e1 foram transferidos R$ 31,3 bilh\u00f5es, e ainda ser\u00e3o avaliados cerca de 12 milh\u00f5es de cadastros para a primeira parcela. Em fun\u00e7\u00e3o disso, o minist\u00e9rio produziu nesta quarta-feira uma nota t\u00e9cnica e solicitou ao Minist\u00e9rio da Economia a previs\u00e3o para uma suplementa\u00e7\u00e3o or\u00e7amentaria o mais r\u00e1pido poss\u00edvel.<\/p>\n\n\n\n<p style=\"text-align:justify\">Segundo a nota, em fun\u00e7\u00e3o disso, por fatores legais e or\u00e7ament\u00e1rios e pelo alto n\u00famero de requerentes que ainda est\u00e3o em an\u00e1lise, o minist\u00e9rio est\u00e1 impedido legalmente de fazer a antecipa\u00e7\u00e3o da segunda parcela do aux\u00edlio.<\/p>\n\n\n\n<p>Edi\u00e7\u00e3o: F\u00e1bio Massalli<\/p>\n\n\n\n<p><strong>Fonte: Ag\u00eancia Brasil<\/strong><\/p>\n","protected":false},"excerpt":{"rendered":"<p>\u00a9 Marcello Casal JrAg\u00eancia Brasil O Minist\u00e9rio da Cidadania informou, em nota divulgada na noite de hoje (22), que o governo est\u00e1 impedido legalmente de fazer a antecipa\u00e7\u00e3o da segunda parcela do aux\u00edlio emergencial de R$ 600. Na segunda-feira (22), o presidente da Caixa Econ\u00f4mica Federal, Pedro Guimar\u00e3es, anunciou que os trabalhadores informais e pessoas [&hellip;]<\/p>\n","protected":false},"author":1,"featured_media":7085,"comment_status":"open","ping_status":"open","sticky":false,"template":"","format":"standard","meta":{"beyondwords_generate_audio":"","beyondwords_project_id":"","beyondwords_podcast_id":"","beyondwords_hash":"","beyondwords_error_message":"","beyondwords_disabled":"","publish_post_to_speechkit":"","speechkit_generate_audio":"","speechkit_project_id":"","speechkit_podcast_id":"","speechkit_hash":"","speechkit_error_message":"","speechkit_disabled":"","speechkit_access_key":"","speechkit_error":"","speechkit_info":"","speechkit_response":"","speechkit_retries":"","_speechkit_link":"","_speechkit_text":""},"categories":[516,134],"tags":[2647,2648,2649,2602],"jetpack_featured_media_url":"","_links":{"self":[{"href":"https:\/\/pinews.com.br\/index.php\/wp-json\/wp\/v2\/posts\/7084"}],"collection":[{"href":"https:\/\/pinews.com.br\/index.php\/wp-json\/wp\/v2\/posts"}],"about":[{"href":"https:\/\/pinews.com.br\/index.php\/wp-json\/wp\/v2\/types\/post"}],"author":[{"embeddable":true,"href":"https:\/\/pinews.com.br\/index.php\/wp-json\/wp\/v2\/users\/1"}],"replies":[{"embeddable":true,"href":"https:\/\/pinews.com.br\/index.php\/wp-json\/wp\/v2\/comments?post=7084"}],"version-history":[{"count":0,"href":"https:\/\/pinews.com.br\/index.php\/wp-json\/wp\/v2\/posts\/7084\/revisions"}],"wp:featuredmedia":[{"embeddable":true,"href":"https:\/\/pinews.com.br\/index.php\/wp-json\/"}],"wp:attachment":[{"href":"https:\/\/pinews.com.br\/index.php\/wp-json\/wp\/v2\/media?parent=7084"}],"wp:term":[{"taxonomy":"category","embeddable":true,"href":"https:\/\/pinews.com.br\/index.php\/wp-json\/wp\/v2\/categories?post=7084"},{"taxonomy":"post_tag","embeddable":true,"href":"https:\/\/pinews.com.br\/index.php\/wp-json\/wp\/v2\/tags?post=7084"}],"curies":[{"name":"wp","href":"https:\/\/api.w.org\/{rel}","templated":true}]}}