{"id":7109,"date":"2020-04-23T12:22:26","date_gmt":"2020-04-23T15:22:26","guid":{"rendered":"https:\/\/pinews.com.br\/?p=7109"},"modified":"2020-04-23T12:22:26","modified_gmt":"2020-04-23T15:22:26","slug":"usuarios-do-caixa-tem-recebem-auxilio-de-r600-mas-nao-conseguem-usa-lo","status":"publish","type":"post","link":"https:\/\/pinews.com.br\/index.php\/2020\/04\/23\/usuarios-do-caixa-tem-recebem-auxilio-de-r600-mas-nao-conseguem-usa-lo\/","title":{"rendered":"Usu\u00e1rios do Caixa Tem recebem aux\u00edlio de R$600 mas n\u00e3o conseguem us\u00e1-lo"},"content":{"rendered":"\n<p><em>Foto: Reprodu\u00e7\u00e3o <\/em><\/p>\n\n\n\n<p style=\"text-align:justify\">A Caixa Econ\u00f4mica Federal informou que na <strong>segunda-feira (20) finalizou o pagamento<\/strong> do aux\u00edlio emergencial, em sua primeira parcela, para: usu\u00e1rios da conta digital no aplicativo Caixa Tem, MEI, desempregados, trabalhadores informais, e aqueles que n\u00e3o est\u00e3o no Cadastro \u00danico.<\/p>\n\n\n\n<p style=\"text-align:justify\">Desde a <strong>\u00faltima quinta-feira (16)<\/strong> os trabalhadores dentro dessas categorias puderam ver se o pedido foi aprovado. \u00c9 que no dia anterior, 15 de abril, a Caixa recebeu mais um lote de an\u00e1lise do DataPrev sobre os cadastros feito no app e site.<\/p>\n\n\n\n<p style=\"text-align:justify\">O pagamento voltado a quem n\u00e3o tem conta corrente ou poupan\u00e7a em nenhum banco,&nbsp;<strong>come\u00e7ou nesta segunda-feira (20)<\/strong>. Os dep\u00f3sitos foram passados por meio do aplicativo Caixa Tem. Segundo informa\u00e7\u00f5es do banco, h\u00e1 mais de 50 milh\u00f5es de downloads do app.<\/p>\n\n\n\n<p style=\"text-align:justify\">No entanto, milhares de pessoas t\u00eam relato&nbsp;<strong>instabilidade da plataforma<\/strong>. O aplicativo n\u00e3o carrega e impossibilita que o usu\u00e1rio acesse o valor creditado, seja para transferir a outro banco, para pagar boletos ou realizar compras online.<\/p>\n\n\n\n<p style=\"text-align:justify\">A mensagem transmitida, segundo relatos, \u00e9 de que: \u201cDesculpe, a nova vers\u00e3o do Caixa Tem estar\u00e1 com acesso exclusivo aos benefici\u00e1rios do aux\u00edlio emergencial com poupan\u00e7a digital, aguarde a libera\u00e7\u00e3o\u201d.<\/p>\n\n\n\n<p style=\"text-align:justify\">Questionado, o ministro da Cidadania Onyx Lorenzoni, culpou o sistema operacional iOS, de usu\u00e1rios de aparelho cuja marca do celular \u00e9 a Apple. Ele afirma que o problema \u00e9 exclusivo dos trabalhadores com telefone desta fabricante.<\/p>\n\n\n\n<p style=\"text-align:justify\">\u201cSe est\u00e1 tendo problema,&nbsp;<strong>o problema n\u00e3o \u00e9 do governo<\/strong>, \u00e9 do fabricante do iPhone\u201d, afirma Lorenzoni. Ele ainda disse que a grande maioria dos usu\u00e1rios do Caixa Tem, usam celular do sistema operacional Android, concorrente da marca.<\/p>\n\n\n\n<p style=\"text-align:justify\">Leitores do FDR, com celular Andoid, relataram a mesma demora e falha no uso do aplicativo.<\/p>\n\n\n\n<p style=\"text-align:justify\">Para&nbsp;<strong>receber o dinheiro em m\u00e3os<\/strong>, sem contar com a ajuda da plataforma, os trabalhadores ter\u00e3o que aguardar at\u00e9 a&nbsp;<strong>pr\u00f3xima segunda-feira (27)<\/strong>. A partir desta data come\u00e7a a ser liberada a quantia em esp\u00e9cie.<\/p>\n\n\n\n<p style=\"text-align:justify\">No entanto, se todos optarem por receber o aux\u00edlio emergencial nas ag\u00eancias, a recomenda\u00e7\u00e3o de isolamento social certamente ser\u00e1 quebrada. O calend\u00e1rio para esta modalidade de recebimento segue a ordem:<\/p>\n\n\n\n<ul><li><strong>27 de abril<\/strong>&nbsp;\u2013 nascidos em janeiro e fevereiro<\/li><li><strong>28 de abril<\/strong>&nbsp;\u2013 nascidos em mar\u00e7o e abril<\/li><li><strong>29 de abril<\/strong>&nbsp;\u2013 nascidos em maio e junho<\/li><li><strong>30 de abril<\/strong>&nbsp;\u2013 nascidos julho e agosto<\/li><li><strong>04 de maio<\/strong>&nbsp;\u2013 nascidos em setembro e outubro<\/li><li><strong>05 de maio<\/strong>&nbsp;\u2013 nascidos em novembro e dezembro<\/li><\/ul>\n\n\n\n<p style=\"text-align:justify\">A recomenda\u00e7\u00e3o do banco \u00e9 aguardar, os pagamentos est\u00e3o sendo repassados normalmente. E o app deve voltar a funcionar o quanto antes.<\/p>\n\n\n\n<p><strong>Fonte: FDR<\/strong><\/p>\n","protected":false},"excerpt":{"rendered":"<p>Foto: Reprodu\u00e7\u00e3o A Caixa Econ\u00f4mica Federal informou que na segunda-feira (20) finalizou o pagamento do aux\u00edlio emergencial, em sua primeira parcela, para: usu\u00e1rios da conta digital no aplicativo Caixa Tem, MEI, desempregados, trabalhadores informais, e aqueles que n\u00e3o est\u00e3o no Cadastro \u00danico. Desde a \u00faltima quinta-feira (16) os trabalhadores dentro dessas categorias puderam ver se [&hellip;]<\/p>\n","protected":false},"author":1,"featured_media":7110,"comment_status":"open","ping_status":"open","sticky":false,"template":"","format":"standard","meta":{"beyondwords_generate_audio":"","beyondwords_project_id":"","beyondwords_podcast_id":"","beyondwords_hash":"","beyondwords_error_message":"","beyondwords_disabled":"","publish_post_to_speechkit":"","speechkit_generate_audio":"","speechkit_project_id":"","speechkit_podcast_id":"","speechkit_hash":"","speechkit_error_message":"","speechkit_disabled":"","speechkit_access_key":"","speechkit_error":"","speechkit_info":"","speechkit_response":"","speechkit_retries":"","_speechkit_link":"","_speechkit_text":""},"categories":[134],"tags":[2329,2661,2662],"jetpack_featured_media_url":"","_links":{"self":[{"href":"https:\/\/pinews.com.br\/index.php\/wp-json\/wp\/v2\/posts\/7109"}],"collection":[{"href":"https:\/\/pinews.com.br\/index.php\/wp-json\/wp\/v2\/posts"}],"about":[{"href":"https:\/\/pinews.com.br\/index.php\/wp-json\/wp\/v2\/types\/post"}],"author":[{"embeddable":true,"href":"https:\/\/pinews.com.br\/index.php\/wp-json\/wp\/v2\/users\/1"}],"replies":[{"embeddable":true,"href":"https:\/\/pinews.com.br\/index.php\/wp-json\/wp\/v2\/comments?post=7109"}],"version-history":[{"count":0,"href":"https:\/\/pinews.com.br\/index.php\/wp-json\/wp\/v2\/posts\/7109\/revisions"}],"wp:featuredmedia":[{"embeddable":true,"href":"https:\/\/pinews.com.br\/index.php\/wp-json\/"}],"wp:attachment":[{"href":"https:\/\/pinews.com.br\/index.php\/wp-json\/wp\/v2\/media?parent=7109"}],"wp:term":[{"taxonomy":"category","embeddable":true,"href":"https:\/\/pinews.com.br\/index.php\/wp-json\/wp\/v2\/categories?post=7109"},{"taxonomy":"post_tag","embeddable":true,"href":"https:\/\/pinews.com.br\/index.php\/wp-json\/wp\/v2\/tags?post=7109"}],"curies":[{"name":"wp","href":"https:\/\/api.w.org\/{rel}","templated":true}]}}