{"id":7149,"date":"2020-04-25T11:36:15","date_gmt":"2020-04-25T14:36:15","guid":{"rendered":"https:\/\/pinews.com.br\/?p=7149"},"modified":"2020-04-25T11:36:15","modified_gmt":"2020-04-25T14:36:15","slug":"com-covid-engenheiro-faz-relato-apos-7-dias-internado-em-teresina","status":"publish","type":"post","link":"https:\/\/pinews.com.br\/index.php\/2020\/04\/25\/com-covid-engenheiro-faz-relato-apos-7-dias-internado-em-teresina\/","title":{"rendered":"Com Covid, engenheiro faz relato ap\u00f3s 7 dias internado em Teresina"},"content":{"rendered":"\n<p><em>Foto: Reprodu\u00e7\u00e3o <\/em><\/p>\n\n\n\n<p style=\"text-align:justify\">Internado h\u00e1 sete dias em um hospital no Centro de Teresina, o engenheiro mec\u00e2nico Tales Resende, de 29 anos, foi diagnosticado com Covid-19 e relatou ao&nbsp;<em><strong>Cidadeverde.com<\/strong><\/em>&nbsp;o que passou desde que sentiu os primeiros sintomas antes de receber alta, prevista para este s\u00e1bado (25).<\/p>\n\n\n\n<p style=\"text-align:justify\">Tudo come\u00e7ou com uma tosse seca seguida de falta de ar, de in\u00edcio suport\u00e1vel, at\u00e9 Tales procurar ajuda m\u00e9dica e ser diagnosticado com pneumonia.<\/p>\n\n\n\n<p style=\"text-align:justify\">Ap\u00f3s aprova\u00e7\u00e3o em um concurso, Tales estava em Florian\u00f3polis, Santa Catarina, em um curso de forma\u00e7\u00e3o da Pol\u00edcia Militar. Com o in\u00edcio da pandemia, ele resolveu voltar para o Piau\u00ed no dia 26 de mar\u00e7o para ficar com seus pais no bairro S\u00e3o Jo\u00e3o, zona Leste de Teresina.<\/p>\n\n\n\n<p style=\"text-align:justify\">\u201cVoltei pra c\u00e1. Estava normal, fazendo minhas atividades f\u00edsicas em casa, onde temos um quintal grande. N\u00e3o estava em aglomera\u00e7\u00f5es, praticava as atividades f\u00edsicas em casa. Cheguei a sair duas vezes para fazer corridas na (Av) Raul Lopes e na Jo\u00e3o XXIII\u201d, contou.<\/p>\n\n\n\n<p>Nas suas atividades f\u00edsicas di\u00e1rias, Tales relembra que come\u00e7ou a sentir uma tosse seca. Inicialmente ele pensou ser por conta da mudan\u00e7a de temperatura em rela\u00e7\u00e3o \u00e0 Florian\u00f3polis. \u201cPensei que era uma gripe por mudan\u00e7a de clima\u201d, disse<\/p>\n\n\n\n<div class=\"wp-block-image\"><figure class=\"aligncenter\"><img decoding=\"async\" src=\"https:\/\/cidadeverde.com\/assets\/uploads\/posts\/tales-2.jpg\" alt=\"\"\/><figcaption><em>Foto: Reprodu\u00e7\u00e3o Instagram @talesresende<\/em><br><\/figcaption><\/figure><\/div>\n\n\n\n<h3><strong>Interna\u00e7\u00e3o<\/strong><\/h3>\n\n\n\n<p style=\"text-align:justify\">Na quinta-feira, dia 16 de maio, Tales teve uma falta de ar intensa, mas achou que fosse nervosismo. Mesmo n\u00e3o tendo costume de sentir falta de ar, n\u00e3o procurei nenhum atendimento m\u00e9dico. Na sexta (17) acordei com o corpo um pouco mole, um pouco febril. Quando foi \u00e0 noite 19h, senti outra falta de ar, uma dispn\u00e9ia. Foi quando vi que tinha algo diferente no meu corpo, n\u00e3o tenho costume de sentir aquilo\u201d, relatou.<\/p>\n\n\n\n<p style=\"text-align:justify\">O engenheiro procurou um hospital particular na Primavera onde foi submetido a exames ap\u00f3s relatar os sintomas que estava sentindo. O resultado apontou para uma pneumonia e Tales foi orientado a ser internado em um hospital no Centro de Teresina ainda na sexta-feira (17).<\/p>\n\n\n\n<p style=\"text-align:justify\">Foram coletadas amostras para testes de Covid-19 analisadas pelo Laborat\u00f3rio Central do Estado (Lacen) que deram positivas para a doen\u00e7a.<\/p>\n\n\n\n<p style=\"text-align:justify\">\u201cOs primeiros dias foram bem ruins. Tive que usar oxig\u00eanio porque minhas tosses eram constantes. Os quatro primeiros dias foram os piores. No domingo (19) quando descobri que era Covid-19 tive que controlar minha ansiedade, cheguei a tomar rem\u00e9dio para press\u00e3o\u201d, contou o engenheiro.<\/p>\n\n\n\n<p style=\"text-align:justify\">Tales Resende n\u00e3o chegou a ser internado na UTI. Ele conta que no quinto dia internado sentiu uma melhora e n\u00e3o precisou mais utilizar o aparelho de oxig\u00eanio.<\/p>\n\n\n\n<h3><strong>Alta<\/strong><\/h3>\n\n\n\n<p style=\"text-align:justify\">Ap\u00f3s uma semana de interna\u00e7\u00e3o, Tales passou por novos exames que apontaram melhora no quadro cl\u00ednico e a possibilidade de alta m\u00e9dica neste s\u00e1bado (25). Ele deve continuar em isolamento em casa onde continuar\u00e1 fazendo tratamento.<\/p>\n\n\n\n<h3><strong>\u201cN\u00e3o \u00e9 uma gripe normal\u201d<\/strong><\/h3>\n\n\n\n<p style=\"text-align:justify\">Com hist\u00f3rico de pr\u00e1tica de esportes como nata\u00e7\u00e3o, futebol e crossfit, Tales Resende tem menos de 30 anos e n\u00e3o possui hist\u00f3rico de doen\u00e7a respirat\u00f3ria. Ele conta que inicialmente menosprezava as recomenda\u00e7\u00f5es de isolamento e achava que as faltas de ar que sentia eram ansiedade.<\/p>\n\n\n\n<p style=\"text-align:justify\">\u201cN\u00e3o levava muito em conta do isolamento, a preven\u00e7\u00e3o. Quando eu estava em Santa Catariana eu saia para correr. N\u00e3o dava muita aten\u00e7\u00e3o para a quest\u00e3o preventiva. Seria importante se as pessoas levassem em conta a preven\u00e7\u00e3o porque isso n\u00e3o \u00e9 uma gripe normal, \u00e9 algo que s\u00f3 quem passa \u00e9 quem sente\u201d, sugere.<\/p>\n\n\n\n<div class=\"wp-block-image\"><figure class=\"aligncenter\"><img decoding=\"async\" src=\"https:\/\/cidadeverde.com\/assets\/uploads\/posts\/tales-3.jpg\" alt=\"\"\/><figcaption><em>Tales participou de curso de forma\u00e7\u00e3o de PMs em Santa Catarina antes de voltar ao Piau\u00ed no dia 26 de mar\u00e7o.<\/em> Foto: Reprodu\u00e7\u00e3o <\/figcaption><\/figure><\/div>\n\n\n\n<h3><strong>Familiares fizeram exames<\/strong><\/h3>\n\n\n\n<p style=\"text-align:justify\">A m\u00e3e de Tales Resende, que o acompanha durante a interna\u00e7\u00e3o, foi submetida a exames e teve testagem negativa. O pai e o irm\u00e3o do paciente tamb\u00e9m foram examinados e n\u00e3o tiveram infec\u00e7\u00e3o confirmada.<\/p>\n\n\n\n<p style=\"text-align:justify\">\u201cMeu pai tem um enfisema pulmonar. Ele est\u00e1 sem sintomas. Vou voltar pra casa mas vou ficar isolado no quarto e os recipientes que eu utilizar ser\u00e3o descartados. Vou cumprir a quarentena e retornar para fazer novos exames\u201d, disse.<\/p>\n\n\n\n<p><strong>Fonte: Valmir Mac\u00eado\/ Cidade Verde <\/strong><\/p>\n","protected":false},"excerpt":{"rendered":"<p>Foto: Reprodu\u00e7\u00e3o Internado h\u00e1 sete dias em um hospital no Centro de Teresina, o engenheiro mec\u00e2nico Tales Resende, de 29 anos, foi diagnosticado com Covid-19 e relatou ao&nbsp;Cidadeverde.com&nbsp;o que passou desde que sentiu os primeiros sintomas antes de receber alta, prevista para este s\u00e1bado (25). Tudo come\u00e7ou com uma tosse seca seguida de falta de [&hellip;]<\/p>\n","protected":false},"author":1,"featured_media":7150,"comment_status":"open","ping_status":"open","sticky":false,"template":"","format":"standard","meta":{"beyondwords_generate_audio":"","beyondwords_project_id":"","beyondwords_podcast_id":"","beyondwords_hash":"","beyondwords_error_message":"","beyondwords_disabled":"","publish_post_to_speechkit":"","speechkit_generate_audio":"","speechkit_project_id":"","speechkit_podcast_id":"","speechkit_hash":"","speechkit_error_message":"","speechkit_disabled":"","speechkit_access_key":"","speechkit_error":"","speechkit_info":"","speechkit_response":"","speechkit_retries":"","_speechkit_link":"","_speechkit_text":""},"categories":[51,1288,81],"tags":[2271,2684,187],"jetpack_featured_media_url":"","_links":{"self":[{"href":"https:\/\/pinews.com.br\/index.php\/wp-json\/wp\/v2\/posts\/7149"}],"collection":[{"href":"https:\/\/pinews.com.br\/index.php\/wp-json\/wp\/v2\/posts"}],"about":[{"href":"https:\/\/pinews.com.br\/index.php\/wp-json\/wp\/v2\/types\/post"}],"author":[{"embeddable":true,"href":"https:\/\/pinews.com.br\/index.php\/wp-json\/wp\/v2\/users\/1"}],"replies":[{"embeddable":true,"href":"https:\/\/pinews.com.br\/index.php\/wp-json\/wp\/v2\/comments?post=7149"}],"version-history":[{"count":0,"href":"https:\/\/pinews.com.br\/index.php\/wp-json\/wp\/v2\/posts\/7149\/revisions"}],"wp:featuredmedia":[{"embeddable":true,"href":"https:\/\/pinews.com.br\/index.php\/wp-json\/"}],"wp:attachment":[{"href":"https:\/\/pinews.com.br\/index.php\/wp-json\/wp\/v2\/media?parent=7149"}],"wp:term":[{"taxonomy":"category","embeddable":true,"href":"https:\/\/pinews.com.br\/index.php\/wp-json\/wp\/v2\/categories?post=7149"},{"taxonomy":"post_tag","embeddable":true,"href":"https:\/\/pinews.com.br\/index.php\/wp-json\/wp\/v2\/tags?post=7149"}],"curies":[{"name":"wp","href":"https:\/\/api.w.org\/{rel}","templated":true}]}}