{"id":7205,"date":"2020-04-27T11:42:22","date_gmt":"2020-04-27T14:42:22","guid":{"rendered":"https:\/\/pinews.com.br\/?p=7205"},"modified":"2020-04-27T11:42:22","modified_gmt":"2020-04-27T14:42:22","slug":"em-picos-mais-uma-pessoa-e-diagnosticada-com-covid-19-e-mulheres-representam-70-dos-infectados-no-municipio","status":"publish","type":"post","link":"https:\/\/pinews.com.br\/index.php\/2020\/04\/27\/em-picos-mais-uma-pessoa-e-diagnosticada-com-covid-19-e-mulheres-representam-70-dos-infectados-no-municipio\/","title":{"rendered":"Em Picos mais uma pessoa \u00e9  diagnosticada com Covid-19 e mulheres representam 70% dos infectados no munic\u00edpio"},"content":{"rendered":"\n<p>(Foto: Gelimar Moura)<\/p>\n\n\n\n<p style=\"text-align:justify\">Um novo boletim divulgado neste domingo, 26, apontou que mais uma pessoa foi diagnosticada com o novo coronav\u00edrus no munic\u00edpio.  <\/p>\n\n\n\n<p style=\"text-align:justify\">De acordo com a Secretaria Municipal de Sa\u00fade trata-se de uma mulher de 31 anos, que est\u00e1 assintom\u00e1tica e encontra-se em isolamento domiciliar.<\/p>\n\n\n\n<p style=\"text-align:justify\">Com esse novo diagn\u00f3stico o n\u00famero de casos chega a sete. A maioria das pessoas infectadas s\u00e3o mulheres, representando 70% dos pacientes.<\/p>\n\n\n\n<p style=\"text-align:justify\">No s\u00e1bado, 25, quatro novos casos foram registrados, sendo duas mulheres e dois homens, sendo que um est\u00e1 internado no Hospital Regional Justino Luz.<\/p>\n\n\n\n<p style=\"text-align:justify\">O munic\u00edpio tamb\u00e9m registrou um \u00f3bito provocado pela doen\u00e7a no dia 18 de abril. A v\u00edtima \u00e9 uma idosa de 79 anos, que segundo familiares, chegou a cerca de 15 dias de um passeio na cidade de S\u00e3o Paulo.<\/p>\n\n\n\n<p style=\"text-align:justify\">O primeiro caso registrado foi de uma enfermeira de 39 anos, que reside no munic\u00edpio, mas trabalha na Maternidade Evangelina Rosa, em Teresina. Segundo a Secretaria de Sa\u00fade de Picos, ap\u00f3s a realiza\u00e7\u00e3o de novos exames, verificou-se que a mesma est\u00e1 e fase de cura.<\/p>\n\n\n\n<figure class=\"wp-block-image\"><img decoding=\"async\" src=\"http:\/\/www.picos40graus.com.br\/userfiles\/images\/c4891e3d-c710-4262-b8c0-cf7619c3b2b9.jpg\" alt=\"\" \/><\/figure>\n\n\n\n<p><strong>Fonte: Picos 40 Graus<\/strong><\/p>\n","protected":false},"excerpt":{"rendered":"<p>(Foto: Gelimar Moura) Um novo boletim divulgado neste domingo, 26, apontou que mais uma pessoa foi diagnosticada com o novo coronav\u00edrus no munic\u00edpio. De acordo com a Secretaria Municipal de Sa\u00fade trata-se de uma mulher de 31 anos, que est\u00e1 assintom\u00e1tica e encontra-se em isolamento domiciliar. Com esse novo diagn\u00f3stico o n\u00famero de casos chega [&hellip;]<\/p>\n","protected":false},"author":1,"featured_media":7180,"comment_status":"open","ping_status":"open","sticky":false,"template":"","format":"standard","meta":{"beyondwords_generate_audio":"","beyondwords_project_id":"","beyondwords_podcast_id":"","beyondwords_hash":"","beyondwords_error_message":"","beyondwords_disabled":"","publish_post_to_speechkit":"","speechkit_generate_audio":"","speechkit_project_id":"","speechkit_podcast_id":"","speechkit_hash":"","speechkit_error_message":"","speechkit_disabled":"","speechkit_access_key":"","speechkit_error":"","speechkit_info":"","speechkit_response":"","speechkit_retries":"","_speechkit_link":"","_speechkit_text":""},"categories":[124,51,126,1288],"tags":[2271,422,125],"jetpack_featured_media_url":"","_links":{"self":[{"href":"https:\/\/pinews.com.br\/index.php\/wp-json\/wp\/v2\/posts\/7205"}],"collection":[{"href":"https:\/\/pinews.com.br\/index.php\/wp-json\/wp\/v2\/posts"}],"about":[{"href":"https:\/\/pinews.com.br\/index.php\/wp-json\/wp\/v2\/types\/post"}],"author":[{"embeddable":true,"href":"https:\/\/pinews.com.br\/index.php\/wp-json\/wp\/v2\/users\/1"}],"replies":[{"embeddable":true,"href":"https:\/\/pinews.com.br\/index.php\/wp-json\/wp\/v2\/comments?post=7205"}],"version-history":[{"count":0,"href":"https:\/\/pinews.com.br\/index.php\/wp-json\/wp\/v2\/posts\/7205\/revisions"}],"wp:featuredmedia":[{"embeddable":true,"href":"https:\/\/pinews.com.br\/index.php\/wp-json\/"}],"wp:attachment":[{"href":"https:\/\/pinews.com.br\/index.php\/wp-json\/wp\/v2\/media?parent=7205"}],"wp:term":[{"taxonomy":"category","embeddable":true,"href":"https:\/\/pinews.com.br\/index.php\/wp-json\/wp\/v2\/categories?post=7205"},{"taxonomy":"post_tag","embeddable":true,"href":"https:\/\/pinews.com.br\/index.php\/wp-json\/wp\/v2\/tags?post=7205"}],"curies":[{"name":"wp","href":"https:\/\/api.w.org\/{rel}","templated":true}]}}