{"id":7660,"date":"2020-05-09T19:26:17","date_gmt":"2020-05-09T22:26:17","guid":{"rendered":"https:\/\/pinews.com.br\/?p=7660"},"modified":"2020-05-09T19:26:17","modified_gmt":"2020-05-09T22:26:17","slug":"auxilio-emergencial-governo-adia-novamente-anuncio-das-datas-de-pagamento","status":"publish","type":"post","link":"https:\/\/pinews.com.br\/index.php\/2020\/05\/09\/auxilio-emergencial-governo-adia-novamente-anuncio-das-datas-de-pagamento\/","title":{"rendered":"Aux\u00edlio emergencial: governo adia novamente an\u00fancio das datas de pagamento"},"content":{"rendered":"\n<p><em>Foto: Reprodu\u00e7\u00e3o <\/em><\/p>\n\n\n\n<p style=\"text-align:justify\">Os brasileiros v\u00e3o passar o fim de semana ainda sem saber quando ter\u00e3o acesso \u00e0 segunda parcela do aux\u00edlio emergencial de R$ 600, que j\u00e1 est\u00e1 atrasada h\u00e1 mais de dez dias. Isso porque o ministro da Cidadania, Onyx Lorenzoni, n\u00e3o cumpriu a promessa de anunciar ainda nesta semana as pr\u00f3ximas datas de pagamento do benef\u00edcio. Ele alegou que o an\u00fancio agora ser\u00e1 feito pelo presidente Jair Bolsonaro e provavelmente s\u00f3 no in\u00edcio da semana que vem.]<\/p>\n\n\n\n<p style=\"text-align:justify\">Onyx passou toda a semana afirmando que esse cronograma de pagamentos seria apresentado at\u00e9 esta sexta-feira (08\/05). Afinal, o in\u00edcio dos dep\u00f3sitos da segunda parcela estava previsto para come\u00e7ar no \u00faltimo dia 27 e o governo chegou at\u00e9 a anunciar a antecipa\u00e7\u00e3o desse pagamento para o dia 23. Depois, contudo, voltou atr\u00e1s. Onyx alegou que era preciso liberar um cr\u00e9dito extra para o programa, j\u00e1 que o n\u00famero de benefici\u00e1rios superou as expectativas do governo. O cr\u00e9dito, por\u00e9m, logo foi liberado por Bolsonaro, que ainda disse n\u00e3o ter autorizado a antecipa\u00e7\u00e3o do pagamento.<\/p>\n\n\n\n<p style=\"text-align:justify\">Nesta sexta, contudo, o ministro da Cidadania n\u00e3o fez nenhum an\u00fancio. Ao contr\u00e1rio, disse, em entrevista ao programa de Datena, que o an\u00fancio das datas de pagamento da segunda parcela agora est\u00e3o a cargo do presidente Bolsonaro. \u201cVai ser anunciado pelo presidente, ou no final de semana ou no in\u00edcio da semana, as datas de pagamento da segunda parcela\u201d, disse Onyx, ao ser questionado sobre o assunto por Datena.<\/p>\n\n\n\n<p style=\"text-align:justify\">Nem ele, nem o Minist\u00e9rio da Cidadania explicaram o motivo do atraso. E Bolsonaro tamb\u00e9m n\u00e3o falou sobre o assunto hoje. Mas Onyx garantiu que, apesar disso, o \u201ctodo o esfor\u00e7o que estamos fazendo \u00e9 para que a segunda parcela possa ser paga j\u00e1 na pr\u00f3xima semana\u201d. Ele alegou que o pagamento da segunda e da terceira parcela do aux\u00edlio emergencial ser\u00e1 feito de forma muito mais \u00e1gil, visto que o governo j\u00e1 tem a base de dados dos brasileiros que t\u00eam direito aos R$ 600.<\/p>\n\n\n\n<p style=\"text-align:justify\">A Caixa Econ\u00f4mica Federal, que \u00e9 a respons\u00e1vel pela operacionaliza\u00e7\u00e3o do pagamento, contudo, tem defendido que essa segunda parcela seja paga de uma forma diferente. Para evitar a forma\u00e7\u00e3o de novas filas nas ag\u00eancias banc\u00e1rias, a Caixa defende que os saques sejam espa\u00e7ados. Ou seja, com um intervalo entre cada grupo de pagamentos. Os grupos devem ser definidos, por sinal, de acordo com o m\u00eas de nascimento de cada trabalhador.<\/p>\n\n\n\n<p><strong>Mais recuos<\/strong><\/p>\n\n\n\n<p style=\"text-align:justify\">O ministro da Cidadania, Onyx Lorenzoni, ainda mudou o prazo de dois an\u00fancios realizados por ele mesmo, em coletiva de imprensa realizada no Pal\u00e1cio do Planalto, nessa quinta-feira (07\/05). Ele disse que a parceria Ele havia dito que a an\u00e1lise cadastral dos 17 milh\u00f5es de brasileiros que pediram o aux\u00edlio emergencial em abril, mas ainda n\u00e3o sabem se ter\u00e3o acesso aos R$ 600 seria conclu\u00edda ainda na noite de quinta-feira. Mas, nesta sexta-feira, disse que esse processo pode se estender at\u00e9 o s\u00e1bado (09\/05). \u201cQueremos homologar essas pessoas at\u00e9 o final do dia de hoje ou no m\u00e1ximo amanh\u00e3 para permitir que, no m\u00e1ximo segunda-feira, essas pessoas possam estar recebendo\u201d, afirmou Onyx no programa de Datena.<\/p>\n\n\n\n<p style=\"text-align:justify\">Al\u00e9m disso, o ministro anunciou na quinta-feira uma parceria com os Correios, dizendo que, a partir de segunda-feira, os brasileiros que t\u00eam dificuldade de acessar os canais digitais poderiam se cadastrar no aux\u00edlio emergencial nas ag\u00eancias dos Correios. Nesta sexta, por\u00e9m, explicou que ainda est\u00e1 fechando esse acordo. \u201cA gente acredita que ter\u00e7a ou quarta-feira j\u00e1 tenha condi\u00e7\u00f5es, que o acordo esteja assinado, porque isso vai gerar um custo para o Minist\u00e9rio\u201d, disse Onyx.<\/p>\n\n\n\n<p style=\"text-align:justify\">O an\u00fancio da parceria, por sua vez, j\u00e1 levou muitos brasileiros \u00e0s ag\u00eancias dos Correios ainda nesta sexta-feira. Por isso, os Correios chegaram at\u00e9 a emitir uma nota esclarecendo a situa\u00e7\u00e3o. Veja o comunicado:<\/p>\n\n\n\n<p style=\"text-align:justify\">\u201cA respeito do an\u00fancio feito pelo Minist\u00e9rio da Cidadania, os Correios informam que a atua\u00e7\u00e3o da empresa em apoio ao Aux\u00edlio Emergencial ainda demanda ajustes em procedimentos e quest\u00f5es t\u00e9cnicas, a serem realizados em conjunto com o minist\u00e9rio. Dessa forma, as ag\u00eancias dos Correios ainda n\u00e3o est\u00e3o aptas a realizar qualquer servi\u00e7o relacionado ao Aux\u00edlio Emergencial. Mais informa\u00e7\u00f5es ser\u00e3o divulgadas oportunamente.\u201d<\/p>\n\n\n\n<p><strong>Queixas<\/strong><\/p>\n\n\n\n<p style=\"text-align:justify\">Por conta desse desencontro de informa\u00e7\u00f5es, o n\u00famero de brasileiros que voltou a criticar os impasses relativos ao pagamento do aux\u00edlio emergencial voltou a subir nesta sexta-feira. Nas redes sociais, muita gente reclamou da demora na an\u00e1lise cadastral de quem pediu o aux\u00edlio e tamb\u00e9m no atraso das datas da segunda parcela.<\/p>\n\n\n\n<p style=\"text-align:justify\">\u201cAt\u00e9 quando vamos ter que esperar a Dataprev enviar nossos dados para a Caixa? Estamos em an\u00e1lise desde o dia 07 e nenhuma resposta. Todo dia o Onyx Lorenzoni divulga o prazo para a homologa\u00e7\u00e3o e tudo n\u00e3o passa de mentiras\u201d, criticou uma internauta. \u201cAgora parece que al\u00e9m da an\u00e1lise come\u00e7a a saga de mentiras sobre o calend\u00e1rio da segunda parcela\u201d, disse outro brasileiro.<\/p>\n\n\n\n<p><strong>Fonte: Correio Braziliense<\/strong><\/p>\n","protected":false},"excerpt":{"rendered":"<p>Foto: Reprodu\u00e7\u00e3o Os brasileiros v\u00e3o passar o fim de semana ainda sem saber quando ter\u00e3o acesso \u00e0 segunda parcela do aux\u00edlio emergencial de R$ 600, que j\u00e1 est\u00e1 atrasada h\u00e1 mais de dez dias. Isso porque o ministro da Cidadania, Onyx Lorenzoni, n\u00e3o cumpriu a promessa de anunciar ainda nesta semana as pr\u00f3ximas datas de [&hellip;]<\/p>\n","protected":false},"author":1,"featured_media":7661,"comment_status":"open","ping_status":"open","sticky":false,"template":"","format":"standard","meta":{"beyondwords_generate_audio":"","beyondwords_project_id":"","beyondwords_podcast_id":"","beyondwords_hash":"","beyondwords_error_message":"","beyondwords_disabled":"","publish_post_to_speechkit":"","speechkit_generate_audio":"","speechkit_project_id":"","speechkit_podcast_id":"","speechkit_hash":"","speechkit_error_message":"","speechkit_disabled":"","speechkit_access_key":"","speechkit_error":"","speechkit_info":"","speechkit_response":"","speechkit_retries":"","_speechkit_link":"","_speechkit_text":""},"categories":[134],"tags":[2329,2602],"jetpack_featured_media_url":"","_links":{"self":[{"href":"https:\/\/pinews.com.br\/index.php\/wp-json\/wp\/v2\/posts\/7660"}],"collection":[{"href":"https:\/\/pinews.com.br\/index.php\/wp-json\/wp\/v2\/posts"}],"about":[{"href":"https:\/\/pinews.com.br\/index.php\/wp-json\/wp\/v2\/types\/post"}],"author":[{"embeddable":true,"href":"https:\/\/pinews.com.br\/index.php\/wp-json\/wp\/v2\/users\/1"}],"replies":[{"embeddable":true,"href":"https:\/\/pinews.com.br\/index.php\/wp-json\/wp\/v2\/comments?post=7660"}],"version-history":[{"count":0,"href":"https:\/\/pinews.com.br\/index.php\/wp-json\/wp\/v2\/posts\/7660\/revisions"}],"wp:featuredmedia":[{"embeddable":true,"href":"https:\/\/pinews.com.br\/index.php\/wp-json\/"}],"wp:attachment":[{"href":"https:\/\/pinews.com.br\/index.php\/wp-json\/wp\/v2\/media?parent=7660"}],"wp:term":[{"taxonomy":"category","embeddable":true,"href":"https:\/\/pinews.com.br\/index.php\/wp-json\/wp\/v2\/categories?post=7660"},{"taxonomy":"post_tag","embeddable":true,"href":"https:\/\/pinews.com.br\/index.php\/wp-json\/wp\/v2\/tags?post=7660"}],"curies":[{"name":"wp","href":"https:\/\/api.w.org\/{rel}","templated":true}]}}