{"id":7759,"date":"2020-05-12T12:29:29","date_gmt":"2020-05-12T15:29:29","guid":{"rendered":"https:\/\/pinews.com.br\/?p=7759"},"modified":"2020-05-12T12:29:29","modified_gmt":"2020-05-12T15:29:29","slug":"hospital-de-floriano-usa-corticoide-e-tem-resultados-positivos-contra-covid-19","status":"publish","type":"post","link":"https:\/\/pinews.com.br\/index.php\/2020\/05\/12\/hospital-de-floriano-usa-corticoide-e-tem-resultados-positivos-contra-covid-19\/","title":{"rendered":"Hospital de Floriano usa corticoide e tem resultados positivos contra Covid-19"},"content":{"rendered":"\n<p><em>Foto: Reprodu\u00e7\u00e3o <\/em><\/p>\n\n\n\n<p style=\"text-align:justify\">O diretor t\u00e9cnico do Hospital Regional Tib\u00e9rio Nunes, m\u00e9dico Justino Moreira, fala dos bons resultados de recupera\u00e7\u00e3o dos pacientes com a Covid-19 em Floriano a partir do uso do corticoide injet\u00e1vel na segunda fase da doen\u00e7a.  Ele comenta que o tratamento tem como base o conhecimento adquirido de m\u00e9dicos espanh\u00f3is que est\u00e3o na linha de frente da doen\u00e7a em Madri.<\/p>\n\n\n\n<p style=\"text-align:justify\">Corticoides s\u00e3o horm\u00f4nios que possuem a\u00e7\u00e3o anti-inflamat\u00f3ria, muito utilizados no tratamento como asma, alergias, artrite reumatoide, l\u00fapus e outros.<\/p>\n\n\n\n<p style=\"text-align:justify\">Justino Moreira explica que a primeira semana da doen\u00e7a \u00e9 o per\u00edodo em que o v\u00edrus est\u00e1 circulando no corpo, podendo apresentar sintomas como febre, dor de cabe\u00e7a, n\u00e1useas, v\u00f4mitos, a falta de gosto e de cheiro.&nbsp; \u201cA partir desse momento, a gente tem introduzido aqui em Floriano medica\u00e7\u00f5es como a hidroxocloroquina de forma precoce. N\u00e3o temos dados para saber se tem uma evid\u00eancia boa, mas \u00e9 o que a gente vem usando no momento\u201d.<\/p>\n\n\n\n<p style=\"text-align:justify\">\u201cO que n\u00f3s temos fazendo com o sucesso \u00e9 o tratamento na segunda semana. Estamos recebendo pacientes com altera\u00e7\u00f5es na anatomia dos pulm\u00f5es. N\u00f3s temos feito uma corticoperapia, que \u00e9 a aplica\u00e7\u00e3o de um antiflamat\u00f3rio potente na veia que regride a les\u00e3o, diminui a inflama\u00e7\u00e3o,&nbsp; e o paciente tem dito respostas imediatas. Em torno de 24 horas depois os pacientes melhoram bastante. Esse tratamento dura de 3 a 5 dias. Os pacientes est\u00e3o sendo liberados para casa, gra\u00e7as a Deus, assintom\u00e1ticos, sem apresentar nenhum sintoma\u201d.<\/p>\n\n\n\n<p style=\"text-align:justify\">Sobre o tratamento na segunda fase, Justino Moreira esclarece que \u201cessa experi\u00eancia n\u00e3o \u00e9 de protocolo oficial, ainda est\u00e1 se documentando. Clinicamente os resultados s\u00e3o espetaculares\u201d.<\/p>\n\n\n\n<p style=\"text-align:justify\">\u201cEm Madri (capital da Espanha) s\u00e3o mais de 50 hospitais, l\u00e1 todo dia pela manh\u00e3, os m\u00e9dicos de cada hospital se re\u00fane para discutir essa doen\u00e7a (Covid-19), e meio dia os diretos cl\u00ednicos tamb\u00e9m. Ent\u00e3o, eles foram construindo esse pensamento ao longo desse per\u00edodo de pandemia e, isso, conseguiram testando, conseguiram chegar a essa resposta do cortic\u00f3ide injet\u00e1vel na veia na segunda semana. Quando eles conseguiram acertar a m\u00e3o: a mortalidade de 20% caiu para em torno de 1 a 2%. De forma que eles passaram esse conhecimento adquirido para a gente e est\u00e3o publicando os resultados\u201d.<\/p>\n\n\n\n<p><strong>Outro olhar&nbsp;<\/strong><\/p>\n\n\n\n<p style=\"text-align:justify\">J\u00e1 o m\u00e9dico infectologista Kelson Veras afirma que a Covid-19 \u00e9 \u201cuma doen\u00e7a nova, mas que causa uma s\u00edndrome velha do conhecimento m\u00e9dico, que \u00e9 a Sepse. A Covid viral causa uma pneumonia viral e essa pneumonia pode ou n\u00e3o se transformar em uma Sepse viral. N\u00f3s at\u00e9 hoje n\u00e3o temos nenhum tratamento para a sepse, seja causa da por bact\u00e9ria seja causa por v\u00edrus. Os cortic\u00f3ides j\u00e1 foram testados, estudos mostraram que eles aumentam a mortalidade. Ent\u00e3o, \u00e9 v\u00e1lido que se continue pesquisando, que se continue investigando, por\u00e9m o que n\u00f3s temos de informa\u00e7\u00e3o no momento \u00e9 que os cortic\u00f3ides n\u00e3o s\u00e3o uma boa op\u00e7\u00e3o no contexto da sepse\u201d.<\/p>\n\n\n\n<p style=\"text-align:justify\">Kelson Veras acrescenta que embora n\u00e3o seja um estudioso espec\u00edfico de \u00e9tica na pesquisa cient\u00edfica, ele n\u00e3o v\u00ea como algo impeditivo \u201ctentar usar o cortic\u00f3ide em uma situa\u00e7\u00e3o como os colegas est\u00e3o tentando no protocolo. Espero apenas que a necessidade seja dentro de um contexto de estudo, ou seja, trabalho apresentado no comit\u00ea de \u00e9tica e o protocolo dispon\u00edvel para as entidades m\u00e9dicas. Me parece que dentro desse contexto \u00e9 aceit\u00e1vel\u201d.<\/p>\n\n\n\n<p style=\"text-align:justify\">Ele cita que o Brasil e o mundo possuem sociedades que re\u00fanem a \u201cnata\u201d do que h\u00e1 de melhor em termo de pesquisadores, como a Sociedade Brasileira de Infectologia, Associa\u00e7\u00e3o de Medicina Intensiva, Sociedade Americana de Doen\u00e7as Infecciosas e o Col\u00e9gio Americano de Cuidados Cr\u00edticos.<\/p>\n\n\n\n<p style=\"text-align:justify\">\u201cEssas quatro entidades, sem falar da Organiza\u00e7\u00e3o Mundial de Sa\u00fade e o Centro de Controle de Doen\u00e7as Norte Americano, reconhecem que n\u00f3s n\u00e3o temos um tratamento eficaz para a Covid-19. De todas as sociedades que falei nenhuma nos forneceu orienta\u00e7\u00f5es ou diretrizes sobre usar determinado tipo de medica\u00e7\u00e3o para mudar a evolu\u00e7\u00e3o da Covid-19. Eles ainda n\u00e3o deram porque ainda n\u00e3o h\u00e1 base cient\u00edfica apoiando isso\u201d.<\/p>\n\n\n\n<p style=\"text-align:justify\">Veras cita ainda que uma medica\u00e7\u00e3o tem ganhando destaque, que \u00e9 a remdesivir, considerada uma das mais promissoras contra a Covid-19. \u201cAssim como o estudo da hidroxocloroquina, o estudo do remdesivir tamb\u00e9m foi publicado na revista m\u00e9dica mais conceituada do nosso planeta. Ele mostrou alguma melhoria, nada fant\u00e1stico, mas motivou liberar o uso nos Estados Unidos. A ci\u00eancia est\u00e1 aberta a tudo. A ci\u00eancia s\u00f3 n\u00e3o \u00e9 aberta ao obscurantismo. A ci\u00eancia s\u00f3 n\u00e3o \u00e9 aberta a voc\u00ea defender uma opini\u00e3o sua mesmo sem voc\u00ea ter evid\u00eancias fortes e contra a opini\u00e3o dominante dos mais renomados especialistas do planeta\u201d.<\/p>\n\n\n\n<p><strong>Fonte: Carlienne Carpaso\/ Cidade Verde <\/strong><\/p>\n","protected":false},"excerpt":{"rendered":"<p>Foto: Reprodu\u00e7\u00e3o O diretor t\u00e9cnico do Hospital Regional Tib\u00e9rio Nunes, m\u00e9dico Justino Moreira, fala dos bons resultados de recupera\u00e7\u00e3o dos pacientes com a Covid-19 em Floriano a partir do uso do corticoide injet\u00e1vel na segunda fase da doen\u00e7a. Ele comenta que o tratamento tem como base o conhecimento adquirido de m\u00e9dicos espanh\u00f3is que est\u00e3o na [&hellip;]<\/p>\n","protected":false},"author":1,"featured_media":7760,"comment_status":"open","ping_status":"open","sticky":false,"template":"","format":"standard","meta":{"beyondwords_generate_audio":"","beyondwords_project_id":"","beyondwords_podcast_id":"","beyondwords_hash":"","beyondwords_error_message":"","beyondwords_disabled":"","publish_post_to_speechkit":"","speechkit_generate_audio":"","speechkit_project_id":"","speechkit_podcast_id":"","speechkit_hash":"","speechkit_error_message":"","speechkit_disabled":"","speechkit_access_key":"","speechkit_error":"","speechkit_info":"","speechkit_response":"","speechkit_retries":"","_speechkit_link":"","_speechkit_text":""},"categories":[51,1288],"tags":[2870,2271,2871,2872],"jetpack_featured_media_url":"","_links":{"self":[{"href":"https:\/\/pinews.com.br\/index.php\/wp-json\/wp\/v2\/posts\/7759"}],"collection":[{"href":"https:\/\/pinews.com.br\/index.php\/wp-json\/wp\/v2\/posts"}],"about":[{"href":"https:\/\/pinews.com.br\/index.php\/wp-json\/wp\/v2\/types\/post"}],"author":[{"embeddable":true,"href":"https:\/\/pinews.com.br\/index.php\/wp-json\/wp\/v2\/users\/1"}],"replies":[{"embeddable":true,"href":"https:\/\/pinews.com.br\/index.php\/wp-json\/wp\/v2\/comments?post=7759"}],"version-history":[{"count":0,"href":"https:\/\/pinews.com.br\/index.php\/wp-json\/wp\/v2\/posts\/7759\/revisions"}],"wp:featuredmedia":[{"embeddable":true,"href":"https:\/\/pinews.com.br\/index.php\/wp-json\/"}],"wp:attachment":[{"href":"https:\/\/pinews.com.br\/index.php\/wp-json\/wp\/v2\/media?parent=7759"}],"wp:term":[{"taxonomy":"category","embeddable":true,"href":"https:\/\/pinews.com.br\/index.php\/wp-json\/wp\/v2\/categories?post=7759"},{"taxonomy":"post_tag","embeddable":true,"href":"https:\/\/pinews.com.br\/index.php\/wp-json\/wp\/v2\/tags?post=7759"}],"curies":[{"name":"wp","href":"https:\/\/api.w.org\/{rel}","templated":true}]}}