{"id":7833,"date":"2020-05-15T12:28:25","date_gmt":"2020-05-15T15:28:25","guid":{"rendered":"https:\/\/pinews.com.br\/?p=7833"},"modified":"2020-05-15T12:28:25","modified_gmt":"2020-05-15T15:28:25","slug":"veja-o-calendario-do-pagamento-da-2a-parcela-do-auxilio-emergencial","status":"publish","type":"post","link":"https:\/\/pinews.com.br\/index.php\/2020\/05\/15\/veja-o-calendario-do-pagamento-da-2a-parcela-do-auxilio-emergencial\/","title":{"rendered":"Veja o calend\u00e1rio do pagamento da 2\u00aa parcela do aux\u00edlio emergencial"},"content":{"rendered":"\n<p><em>Foto: Reprodu\u00e7\u00e3o <\/em><\/p>\n\n\n\n<p style=\"text-align:justify\">O calend\u00e1rio do pagamento da 2\u00aa parcela do aux\u00edlio emergencial de R$ 600 foi publicado no Di\u00e1rio Oficial da Uni\u00e3o desta sexta-feira (15). O cronograma come\u00e7a a partir de segunda-feira (18) e seguir\u00e1 at\u00e9 13 de junho.<\/p>\n\n\n\n<p style=\"text-align:justify\">Tamb\u00e9m nesta sexta, foi sancionada a lei que amplia o grupo de pessoas aptas a receber o benef\u00edcio.<\/p>\n\n\n\n<p><strong>S\u00e3o 3 calend\u00e1rios:<\/strong><\/p>\n\n\n\n<ol><li>um para recebimento em poupan\u00e7a social<\/li><li>um para saque em esp\u00e9cie para benefici\u00e1rios do Bolsa Fam\u00edlia<\/li><li>um para saque em esp\u00e9cie para poupan\u00e7a social e demais p\u00fablicos<\/li><\/ol>\n\n\n\n<p style=\"text-align:justify\">Segundo portaria sobre o calend\u00e1rio (veja mais abaixo), assinada pelo ministro Onyx Lorenzoni, quem recebeu a 1\u00aa parcela at\u00e9 30 de abril receber\u00e1 o cr\u00e9dito da segunda parcela em poupan\u00e7a social digital a partir de quarta-feira (20), de acordo com a data de nascimento.<\/p>\n\n\n\n<p style=\"text-align:justify\">Inicialmente, os recursos estar\u00e3o dispon\u00edveis apenas em na poupan\u00e7a social digital para movimenta\u00e7\u00f5es digitais: pagamento de contas, de boletos e realiza\u00e7\u00e3o de compras por meio de cart\u00e3o de d\u00e9bito virtual. Os saques em esp\u00e9cie para esse p\u00fablico poder\u00e3o ser feitos s\u00f3 a partir de 30 de maio, tamb\u00e9m de acordo com a data de nascimento.<\/p>\n\n\n\n<p style=\"text-align:justify\">Para quem recebe o Bolsa Fam\u00edlia, o calend\u00e1rio \u00e9 diferente. Os benefici\u00e1rios v\u00e3o receber nas mesmas datas e da mesma forma em que recebem esse benef\u00edcio, nos \u00faltimos 10 dias de maio. J\u00e1 os saques em esp\u00e9cie come\u00e7am na segunda-feira (18) para benefici\u00e1rios com N\u00famero de Identifica\u00e7\u00e3o Social (NIS) 1.<\/p>\n\n\n\n<p><strong>Veja os calend\u00e1rios:<\/strong><\/p>\n\n\n\n<p style=\"text-align:justify\"><strong>Calend\u00e1rio da 2\u00aa parcela (uso digital) \u2013 Poupan\u00e7a Social<\/strong><\/p>\n\n\n\n<p style=\"text-align:justify\"><strong>Recebimento em 20 de maio (QUA):<\/strong>&nbsp;Nascido em Janeiro e fevereiro<br><strong>Recebimento em 21 de maio (QUI):&nbsp;<\/strong>Nascido em Mar\u00e7o e abril<br><strong>Recebimento em 22 de maio (SEX):<\/strong>&nbsp;Nascido em Maio e junho<br><strong>Recebimento em 23 de maio (S\u00c1B):<\/strong>&nbsp;Nascido em Julho e agosto<br><strong>Recebimento em 25 de maio (SEG)<\/strong>: Nascido em Setembro e outubro<br><strong>Recebimento em 26 de maio (TER):<\/strong>&nbsp;Nascido em Novembro e dezembro<\/p>\n\n\n\n<figure class=\"wp-block-image\"><img decoding=\"async\" src=\"https:\/\/i2.wp.com\/www.meionorte.com\/uploads\/imagens\/2020\/5\/15\/b89f30dd-11cc-4bfc-9d98-232ed1648d01-6545d887-203a-4fb4-867d-fbb011796e3f.jpg?w=1220&amp;ssl=1\" alt=\"\"\/><\/figure>\n\n\n\n<p style=\"text-align:justify\"><strong>Calend\u00e1rio da 2\u00aa parcela (saque) \u2013 Bolsa Fam\u00edlia<\/strong><\/p>\n\n\n\n<p style=\"text-align:justify\"><strong>Calend\u00e1rio da 2\u00aa parcela (saque) \u2013 Poupan\u00e7a Social e demais p\u00fablicos<\/strong><\/p>\n\n\n\n<figure class=\"wp-block-image\"><img decoding=\"async\" src=\"https:\/\/i1.wp.com\/www.meionorte.com\/uploads\/imagens\/2020\/5\/15\/ca533075-f317-48d4-ab0c-55d2cbfb91af-daad7c07-6cd4-4e73-9738-fa28098fb0b7.jpg?w=1220&amp;ssl=1\" alt=\"\"\/><\/figure>\n\n\n\n<p><strong>Fonte: G1<\/strong><\/p>\n","protected":false},"excerpt":{"rendered":"<p>Foto: Reprodu\u00e7\u00e3o O calend\u00e1rio do pagamento da 2\u00aa parcela do aux\u00edlio emergencial de R$ 600 foi publicado no Di\u00e1rio Oficial da Uni\u00e3o desta sexta-feira (15). O cronograma come\u00e7a a partir de segunda-feira (18) e seguir\u00e1 at\u00e9 13 de junho. Tamb\u00e9m nesta sexta, foi sancionada a lei que amplia o grupo de pessoas aptas a receber [&hellip;]<\/p>\n","protected":false},"author":1,"featured_media":7835,"comment_status":"open","ping_status":"open","sticky":false,"template":"","format":"standard","meta":{"beyondwords_generate_audio":"","beyondwords_project_id":"","beyondwords_podcast_id":"","beyondwords_hash":"","beyondwords_error_message":"","beyondwords_disabled":"","publish_post_to_speechkit":"","speechkit_generate_audio":"","speechkit_project_id":"","speechkit_podcast_id":"","speechkit_hash":"","speechkit_error_message":"","speechkit_disabled":"","speechkit_access_key":"","speechkit_error":"","speechkit_info":"","speechkit_response":"","speechkit_retries":"","_speechkit_link":"","_speechkit_text":""},"categories":[516,134],"tags":[2329,2892,2602],"jetpack_featured_media_url":"","_links":{"self":[{"href":"https:\/\/pinews.com.br\/index.php\/wp-json\/wp\/v2\/posts\/7833"}],"collection":[{"href":"https:\/\/pinews.com.br\/index.php\/wp-json\/wp\/v2\/posts"}],"about":[{"href":"https:\/\/pinews.com.br\/index.php\/wp-json\/wp\/v2\/types\/post"}],"author":[{"embeddable":true,"href":"https:\/\/pinews.com.br\/index.php\/wp-json\/wp\/v2\/users\/1"}],"replies":[{"embeddable":true,"href":"https:\/\/pinews.com.br\/index.php\/wp-json\/wp\/v2\/comments?post=7833"}],"version-history":[{"count":0,"href":"https:\/\/pinews.com.br\/index.php\/wp-json\/wp\/v2\/posts\/7833\/revisions"}],"wp:featuredmedia":[{"embeddable":true,"href":"https:\/\/pinews.com.br\/index.php\/wp-json\/"}],"wp:attachment":[{"href":"https:\/\/pinews.com.br\/index.php\/wp-json\/wp\/v2\/media?parent=7833"}],"wp:term":[{"taxonomy":"category","embeddable":true,"href":"https:\/\/pinews.com.br\/index.php\/wp-json\/wp\/v2\/categories?post=7833"},{"taxonomy":"post_tag","embeddable":true,"href":"https:\/\/pinews.com.br\/index.php\/wp-json\/wp\/v2\/tags?post=7833"}],"curies":[{"name":"wp","href":"https:\/\/api.w.org\/{rel}","templated":true}]}}