{"id":787,"date":"2019-07-26T14:49:21","date_gmt":"2019-07-26T17:49:21","guid":{"rendered":"https:\/\/pinews.com.br\/?p=787"},"modified":"2019-07-26T14:49:21","modified_gmt":"2019-07-26T17:49:21","slug":"militar-do-exercito-morre-no-piuai-apos-colisao-entre-caminhao-e-moto","status":"publish","type":"post","link":"https:\/\/pinews.com.br\/index.php\/2019\/07\/26\/militar-do-exercito-morre-no-piuai-apos-colisao-entre-caminhao-e-moto\/","title":{"rendered":"Militar do Ex\u00e9rcito morre no Piau\u00ed ap\u00f3s colis\u00e3o entre caminh\u00e3o e moto"},"content":{"rendered":"\n<p>Por <strong>Breno Luis <\/strong>&#8211; 26 de Julho de 2019<\/p>\n\n\n\n<figure class=\"wp-block-image is-resized\"><img decoding=\"async\" loading=\"lazy\" src=\"https:\/\/s2.glbimg.com\/c_1r7nypoq0d1RHi5Z6fLes7Eng=\/0x0:1040x780\/984x0\/smart\/filters:strip_icc()\/i.s3.glbimg.com\/v1\/AUTH_59edd422c0c84a879bd37670ae4f538a\/internal_photos\/bs\/2019\/e\/H\/uubjlATwuL7bM3BuLtxQ\/moto.jpg\" alt=\"Motocicleta do jovem ap\u00f3s o acidente em Teresina \u2014 Foto: Divulga\u00e7\u00e3o\/ PM\" width=\"954\" height=\"716\"\/><figcaption> Motocicleta do jovem ap\u00f3s o acidente em Teresina \u2014 Foto: Divulga\u00e7\u00e3o\/ PM <\/figcaption><\/figure>\n\n\n\n<p style=\"text-align:justify\">O militar do Ex\u00e9rcito Luiz Eduardo Valad\u00e3o Sena, 19 anos, morreu na manh\u00e3 desta sexta-feira (27) depois que caiu da motocicleta que conduzia. O jovem era soldado do 2\u00b0 Batalh\u00e3o de Engenharia de Constru\u00e7\u00e3o. O acidente aconteceu na Avenida Poti, Zona Norte de Teresina.<\/p>\n\n\n\n<p style=\"text-align:justify\">A pol\u00edcia acredita que o acidente tenha ocorrido quando o militar se deslocava de sua resid\u00eancia para o quartel, j\u00e1 que estava \u00e0 paisana e o o fardamento estava dentro de sua mochila.<\/p>\n\n\n\n<p style=\"text-align:justify\">&#8220;Populares relataram para a pol\u00edcia que Luiz Eduardo estava circulando em sua motocicleta quando um caminh\u00e3o passou por ele, triscou na moto e, com o impacto, o jovem perdeu o controle do ve\u00edculo e caiu.Ele n\u00e3o resistiu aos ferimentos e faleceu no local&#8221;, afirmou o major Fl\u00e1vio Pessoa, comandante do 13\u00b0 Batalh\u00e3o da Pol\u00edcia Militar.<\/p>\n\n\n\n<figure class=\"wp-block-image is-resized\"><img decoding=\"async\" loading=\"lazy\" src=\"https:\/\/s2.glbimg.com\/WuVFAyfmefdKRMXzUVCt0sG3yD4=\/0x0:720x591\/984x0\/smart\/filters:strip_icc()\/i.s3.glbimg.com\/v1\/AUTH_59edd422c0c84a879bd37670ae4f538a\/internal_photos\/bs\/2019\/2\/B\/NAcKXRTZuRudqLdXTmEg\/militar.jpg\" alt=\"Militar do Ex\u00e9rcito morre em acidente na Zona Norte de Teresina \u2014 Foto: Divulga\u00e7\u00e3o\/PM\" width=\"894\" height=\"734\"\/><figcaption> Militar do Ex\u00e9rcito morre em acidente na Zona Norte de Teresina \u2014 Foto: Divulga\u00e7\u00e3o\/PM <\/figcaption><\/figure>\n\n\n\n<p><strong>Fonte: G1 Piau\u00ed<\/strong><\/p>\n","protected":false},"excerpt":{"rendered":"<p>Por Breno Luis &#8211; 26 de Julho de 2019 O militar do Ex\u00e9rcito Luiz Eduardo Valad\u00e3o Sena, 19 anos, morreu na manh\u00e3 desta sexta-feira (27) depois que caiu da motocicleta que conduzia. O jovem era soldado do 2\u00b0 Batalh\u00e3o de Engenharia de Constru\u00e7\u00e3o. O acidente aconteceu na Avenida Poti, Zona Norte de Teresina. A pol\u00edcia [&hellip;]<\/p>\n","protected":false},"author":1,"featured_media":789,"comment_status":"open","ping_status":"open","sticky":false,"template":"","format":"standard","meta":{"beyondwords_generate_audio":"","beyondwords_project_id":"","beyondwords_podcast_id":"","beyondwords_hash":"","beyondwords_error_message":"","beyondwords_disabled":"","publish_post_to_speechkit":"","speechkit_generate_audio":"","speechkit_project_id":"","speechkit_podcast_id":"","speechkit_hash":"","speechkit_error_message":"","speechkit_disabled":"","speechkit_access_key":"","speechkit_error":"","speechkit_info":"","speechkit_response":"","speechkit_retries":"","_speechkit_link":"","_speechkit_text":""},"categories":[1184,51,78,81],"tags":[62,256,1348,1349,119,304],"jetpack_featured_media_url":"","_links":{"self":[{"href":"https:\/\/pinews.com.br\/index.php\/wp-json\/wp\/v2\/posts\/787"}],"collection":[{"href":"https:\/\/pinews.com.br\/index.php\/wp-json\/wp\/v2\/posts"}],"about":[{"href":"https:\/\/pinews.com.br\/index.php\/wp-json\/wp\/v2\/types\/post"}],"author":[{"embeddable":true,"href":"https:\/\/pinews.com.br\/index.php\/wp-json\/wp\/v2\/users\/1"}],"replies":[{"embeddable":true,"href":"https:\/\/pinews.com.br\/index.php\/wp-json\/wp\/v2\/comments?post=787"}],"version-history":[{"count":0,"href":"https:\/\/pinews.com.br\/index.php\/wp-json\/wp\/v2\/posts\/787\/revisions"}],"wp:featuredmedia":[{"embeddable":true,"href":"https:\/\/pinews.com.br\/index.php\/wp-json\/"}],"wp:attachment":[{"href":"https:\/\/pinews.com.br\/index.php\/wp-json\/wp\/v2\/media?parent=787"}],"wp:term":[{"taxonomy":"category","embeddable":true,"href":"https:\/\/pinews.com.br\/index.php\/wp-json\/wp\/v2\/categories?post=787"},{"taxonomy":"post_tag","embeddable":true,"href":"https:\/\/pinews.com.br\/index.php\/wp-json\/wp\/v2\/tags?post=787"}],"curies":[{"name":"wp","href":"https:\/\/api.w.org\/{rel}","templated":true}]}}