{"id":8116,"date":"2020-05-23T12:39:57","date_gmt":"2020-05-23T15:39:57","guid":{"rendered":"https:\/\/pinews.com.br\/?p=8116"},"modified":"2020-05-23T12:39:57","modified_gmt":"2020-05-23T15:39:57","slug":"inauguracao-de-supermercado-gera-aglomeracao-em-parnaiba-cidade-com-203-casos-da-covid-19","status":"publish","type":"post","link":"https:\/\/pinews.com.br\/index.php\/2020\/05\/23\/inauguracao-de-supermercado-gera-aglomeracao-em-parnaiba-cidade-com-203-casos-da-covid-19\/","title":{"rendered":"Inaugura\u00e7\u00e3o de supermercado gera aglomera\u00e7\u00e3o em Parna\u00edba; cidade com 203 casos da Covid-19"},"content":{"rendered":"\n<p><em>Foto: Reprodu\u00e7\u00e3o<\/em> <\/p>\n\n\n\n<p style=\"text-align:justify\">A inaugura\u00e7\u00e3o de um supermercado gerou aglomera\u00e7\u00e3o em&nbsp;Parna\u00edba, nesta sexta-feira (22). Fotos e v\u00eddeos enviados para o&nbsp;G1 mostram o evento que reuniu dezenas de pessoas e teve participa\u00e7\u00e3o do prefeito M\u00e3o Santa (DEM). O Minist\u00e9rio P\u00fablico (MP) entrou em contato com a Vigil\u00e2ncia Sanit\u00e1ria para apurar o ocorrido e o estabelecimento pode ser multado por descumprimento dos&nbsp;decretos estaduais estabelecidos devido \u00e0 pandemia da Covid-19.<\/p>\n\n\n\n<p style=\"text-align:justify\">Procurados, o supermercado e a prefeitura se manifestaram sobre o ocorrido. A prefeitura disse que \u201cno que tange o munic\u00edpio, todas as medidas sanit\u00e1rias est\u00e3o sendo adotadas, inclusive com realiza\u00e7\u00e3o de testes para a Covid-19 no hospital de campanha rec\u00e9m inaugurado na cidade\u201d.<\/p>\n\n\n\n<p style=\"text-align:justify\">O Mix Mateus comunicou que houve controle de acesso \u00e0 loja, higieniza\u00e7\u00e3o com \u00e1lcool em gel nas m\u00e3os dos clientes e carrinhos, sinaliza\u00e7\u00e3o educativa no piso, corredores e filas dos caixas para que os clientes mantivessem a dist\u00e2ncia recomendada.&nbsp;Leia a nota na \u00edntegra ao fim da reportagem<\/p>\n\n\n\n<p style=\"text-align:justify\">As imagens&nbsp;mostram funcion\u00e1rios dan\u00e7ando, em espa\u00e7o menor que o recomendado pelas autoridades de sa\u00fade para evitar a dissemina\u00e7\u00e3o da doen\u00e7a. Alguns dos trabalhadores chegam a tocar as m\u00e1scaras diversas vezes, algo que tamb\u00e9m n\u00e3o \u00e9 recomendado por ser uma poss\u00edvel forma de contamina\u00e7\u00e3o. Os clientes tamb\u00e9m aparecem, no lado de fora e dentro da loja, muito pr\u00f3ximos.<\/p>\n\n\n\n<p style=\"text-align:justify\">O MP informou que tem um procedimento aberto desde o in\u00edcio da pandemia para acompanhar a aglomera\u00e7\u00e3o de pessoas em farm\u00e1cias e supermercados. Deste ent\u00e3o, j\u00e1 foram expedidas quatro recomenda\u00e7\u00f5es de como as empresas devem proceder quanto aos cuidados para preven\u00e7\u00e3o da Covid-19.<\/p>\n\n\n\n<figure class=\"wp-block-image\"><img decoding=\"async\" src=\"https:\/\/s2.glbimg.com\/PypSIbk0BZp921WHScGaH8Yc2yw=\/0x0:3000x2000\/1008x0\/smart\/filters:strip_icc()\/i.s3.glbimg.com\/v1\/AUTH_59edd422c0c84a879bd37670ae4f538a\/internal_photos\/bs\/2020\/Y\/m\/cUzPiCTmqsYwTrEj47yw\/colagem-sem-titulo-2-.jpg\" alt=\"Supermercado informou que adotou todas as medidas de seguran\u00e7a como higieniza\u00e7\u00e3o com \u00e1lcool em gel e sinaliza\u00e7\u00e3o educativa no piso \u2014 Foto: Divulga\u00e7\u00e3o\/Grupo Mateus\"\/><figcaption>Supermercado informou que adotou todas as medidas de seguran\u00e7a como higieniza\u00e7\u00e3o com \u00e1lcool em gel e sinaliza\u00e7\u00e3o educativa no piso \u2014 Foto: Divulga\u00e7\u00e3o\/Grupo Mateus<\/figcaption><\/figure>\n\n\n\n<p style=\"text-align:justify\">\u201cTodos os supermercados de Parna\u00edba receberam essa recomenda\u00e7\u00e3o, inclusive o inaugurado hoje\u201d, afirmou a assessoria da 2\u00aa Promotoria de Justi\u00e7a em Parna\u00edba. O \u00f3rg\u00e3o informou ainda que o promotor Cristiano Peixoto, respons\u00e1vel pelas recomenda\u00e7\u00f5es, teve conhecimento do ocorrido e est\u00e1 em contato com a Vigil\u00e2ncia Sanit\u00e1ria para apurar o caso.<\/p>\n\n\n\n<p style=\"text-align:justify\">Segundo o MP, a Vigil\u00e2ncia Sanit\u00e1ria deve notificar o estabelecimento, para que sejam feitas adequa\u00e7\u00f5es e, se elas n\u00e3o forem realizadas, o supermercado poder ser multado.<\/p>\n\n\n\n<figure class=\"wp-block-image\"><img decoding=\"async\" src=\"https:\/\/s2.glbimg.com\/SL5Dqws4U7_190f4hJVelK-OI_g=\/0x0:580x429\/984x0\/smart\/filters:strip_icc()\/i.s3.glbimg.com\/v1\/AUTH_59edd422c0c84a879bd37670ae4f538a\/internal_photos\/bs\/2020\/Q\/e\/UUFSffRumpbiPttjfSVg\/whatsapp-image-2020-05-22-at-12.43.20.jpeg\" alt=\"Dezenas de pessoas compareceram \u00e0 inaugura\u00e7\u00e3o de supermercado em Parna\u00edba \u2014 Foto: Reprodu\u00e7\u00e3o\"\/><figcaption>Dezenas de pessoas compareceram \u00e0 inaugura\u00e7\u00e3o de supermercado em Parna\u00edba \u2014 Foto: Reprodu\u00e7\u00e3o<\/figcaption><\/figure>\n\n\n\n<p style=\"text-align:justify\">Conforme o&nbsp;\u00faltimo boletim divulgado pela Sesapi, na noite dessa quinta-feira (21), Parna\u00edba teve 203 infectadas pelo coronav\u00edrus e 6 mortes pela Covid-19. O secret\u00e1rio de Sa\u00fade, Florentino Neto, informou que a taxa de ocupa\u00e7\u00e3o dos leitos cl\u00ednicos para a doen\u00e7a no munic\u00edpio \u00e9 de 32% e a de leitos de UTI \u00e9 de 66%.<\/p>\n\n\n\n<p style=\"text-align:justify\">Leia a nota do Grupo Mateus na \u00edntegra:<\/p>\n\n\n\n<p style=\"text-align:justify\">Seguindo as orienta\u00e7\u00f5es das autoridades de sa\u00fade e respeitando as determina\u00e7\u00f5es do poder p\u00fablico o Grupo Mateus inaugurou sua segunda loja no estado do Piau\u00ed. Medidas preventivas foram tomadas para garantir a seguran\u00e7a dos colaboradores e clientes. Elencamos os protocolos adotados:<\/p>\n\n\n\n<p style=\"text-align:justify\">Sinaliza\u00e7\u00e3o educativa no piso do estacionamento, nos setores de a\u00e7ougue, peixaria e na fila dos caixas para instruir clientes quanto ao distanciamento;<\/p>\n\n\n\n<ol><li>Oferta de \u00e1lcool em gel para higieniza\u00e7\u00e3o das m\u00e3os de cada cliente antes da entrada na loja;<\/li><li>Higieniza\u00e7\u00e3o de carrinhos e cestas;<\/li><li>Instala\u00e7\u00e3o de pia na frente da loja para que clientes possam lavar as m\u00e3os com \u00e1gua e sab\u00e3o, caso prefiram;<\/li><li>Distribui\u00e7\u00e3o e uso de m\u00e1scaras por todos os colaboradores;<\/li><li>Controle de entrada de clientes a partir da identifica\u00e7\u00e3o da necessidade de aumento de fluxo no interior da loja.<\/li><\/ol>\n\n\n\n<p style=\"text-align:justify\">O Grupo Mateus reitera seu compromisso com a qualidade dos seus servi\u00e7os seguindo os protocolos exigidos pelas autoridades. Desempenhamos uma atividade essencial e, mais do que nunca, temos um papel social e humano. Com a colabora\u00e7\u00e3o de todos vamos superar este momento de adversidade, pois SOMOS UM S\u00d3 CORA\u00c7\u00c3O.<\/p>\n\n\n\n<p><strong>Fonte: G1 PI <\/strong><\/p>\n","protected":false},"excerpt":{"rendered":"<p>Foto: Reprodu\u00e7\u00e3o A inaugura\u00e7\u00e3o de um supermercado gerou aglomera\u00e7\u00e3o em&nbsp;Parna\u00edba, nesta sexta-feira (22). Fotos e v\u00eddeos enviados para o&nbsp;G1 mostram o evento que reuniu dezenas de pessoas e teve participa\u00e7\u00e3o do prefeito M\u00e3o Santa (DEM). O Minist\u00e9rio P\u00fablico (MP) entrou em contato com a Vigil\u00e2ncia Sanit\u00e1ria para apurar o ocorrido e o estabelecimento pode ser [&hellip;]<\/p>\n","protected":false},"author":1,"featured_media":8117,"comment_status":"open","ping_status":"open","sticky":false,"template":"","format":"standard","meta":{"beyondwords_generate_audio":"","beyondwords_project_id":"","beyondwords_podcast_id":"","beyondwords_hash":"","beyondwords_error_message":"","beyondwords_disabled":"","publish_post_to_speechkit":"","speechkit_generate_audio":"","speechkit_project_id":"","speechkit_podcast_id":"","speechkit_hash":"","speechkit_error_message":"","speechkit_disabled":"","speechkit_access_key":"","speechkit_error":"","speechkit_info":"","speechkit_response":"","speechkit_retries":"","_speechkit_link":"","_speechkit_text":""},"categories":[51],"tags":[2999,2271,3000,1367,52],"jetpack_featured_media_url":"","_links":{"self":[{"href":"https:\/\/pinews.com.br\/index.php\/wp-json\/wp\/v2\/posts\/8116"}],"collection":[{"href":"https:\/\/pinews.com.br\/index.php\/wp-json\/wp\/v2\/posts"}],"about":[{"href":"https:\/\/pinews.com.br\/index.php\/wp-json\/wp\/v2\/types\/post"}],"author":[{"embeddable":true,"href":"https:\/\/pinews.com.br\/index.php\/wp-json\/wp\/v2\/users\/1"}],"replies":[{"embeddable":true,"href":"https:\/\/pinews.com.br\/index.php\/wp-json\/wp\/v2\/comments?post=8116"}],"version-history":[{"count":0,"href":"https:\/\/pinews.com.br\/index.php\/wp-json\/wp\/v2\/posts\/8116\/revisions"}],"wp:featuredmedia":[{"embeddable":true,"href":"https:\/\/pinews.com.br\/index.php\/wp-json\/"}],"wp:attachment":[{"href":"https:\/\/pinews.com.br\/index.php\/wp-json\/wp\/v2\/media?parent=8116"}],"wp:term":[{"taxonomy":"category","embeddable":true,"href":"https:\/\/pinews.com.br\/index.php\/wp-json\/wp\/v2\/categories?post=8116"},{"taxonomy":"post_tag","embeddable":true,"href":"https:\/\/pinews.com.br\/index.php\/wp-json\/wp\/v2\/tags?post=8116"}],"curies":[{"name":"wp","href":"https:\/\/api.w.org\/{rel}","templated":true}]}}