{"id":8139,"date":"2020-05-24T10:44:50","date_gmt":"2020-05-24T13:44:50","guid":{"rendered":"https:\/\/pinews.com.br\/?p=8139"},"modified":"2020-05-24T10:44:50","modified_gmt":"2020-05-24T13:44:50","slug":"jovem-de-25-anos-e-morto-a-facadas-durante-bebedeira-em-cidade","status":"publish","type":"post","link":"https:\/\/pinews.com.br\/index.php\/2020\/05\/24\/jovem-de-25-anos-e-morto-a-facadas-durante-bebedeira-em-cidade\/","title":{"rendered":"Jovem de 25 anos \u00e9 morto a facadas durante bebedeira em cidade do Piau\u00ed"},"content":{"rendered":"\n<p>IML de Parna\u00edba \u2014 Foto: Patr\u00edcia Andrade\/G1<\/p>\n\n\n\n<p style=\"text-align:justify\">Um jovem identificado como Ant\u00f4nio Maicon Silva, 25 anos, foi morto a facadas na madrugada desse s\u00e1bado (23) no bairro Jo\u00e3o XXIII, em Parna\u00edba, Litoral do Piau\u00ed. Segundo a Pol\u00edcia Militar, o crime ocorreu ap\u00f3s um desentendimento durante bebedeira.<\/p>\n\n\n\n<p style=\"text-align:justify\">&#8220;As informa\u00e7\u00f5es que v\u00edtima e os suspeitos estavam bebendo e iniciou-se um desentendimento, que em seguida houve a morte de Ant\u00f4nio Maicon Silva. A v\u00edtima sofreu v\u00e1rias perfura\u00e7\u00f5es por arma branca&#8221;, informou o coronel Ant\u00f4nio Pac\u00edfico, comandante do 2\u00ba Batalh\u00e3o da Pol\u00edcia Militar.<\/p>\n\n\n\n<p style=\"text-align:justify\">A PM foi acionada por volta das 0h30 e fez o isolamento da \u00e1rea. O Samu tamb\u00e9m esteve no local, mas a v\u00edtima j\u00e1 estava sem vida. J\u00e1 o Instituto M\u00e9dico Legal (IML) fez a remo\u00e7\u00e3o do corpo.<\/p>\n\n\n\n<p style=\"text-align:justify\">Os policiais realizaram dilig\u00eancias na regi\u00e3o, mas n\u00e3o conseguiram prender os suspeitos. Conforme a pol\u00edcia, a v\u00edtima tinha v\u00e1rias passagens por crimes e era ex-presidi\u00e1rio.<\/p>\n\n\n\n<p><strong>Fonte: G1 PI<\/strong><\/p>\n","protected":false},"excerpt":{"rendered":"<p>IML de Parna\u00edba \u2014 Foto: Patr\u00edcia Andrade\/G1 Um jovem identificado como Ant\u00f4nio Maicon Silva, 25 anos, foi morto a facadas na madrugada desse s\u00e1bado (23) no bairro Jo\u00e3o XXIII, em Parna\u00edba, Litoral do Piau\u00ed. Segundo a Pol\u00edcia Militar, o crime ocorreu ap\u00f3s um desentendimento durante bebedeira. &#8220;As informa\u00e7\u00f5es que v\u00edtima e os suspeitos estavam bebendo [&hellip;]<\/p>\n","protected":false},"author":1,"featured_media":8140,"comment_status":"open","ping_status":"open","sticky":false,"template":"","format":"standard","meta":{"beyondwords_generate_audio":"","beyondwords_project_id":"","beyondwords_podcast_id":"","beyondwords_hash":"","beyondwords_error_message":"","beyondwords_disabled":"","publish_post_to_speechkit":"","speechkit_generate_audio":"","speechkit_project_id":"","speechkit_podcast_id":"","speechkit_hash":"","speechkit_error_message":"","speechkit_disabled":"","speechkit_access_key":"","speechkit_error":"","speechkit_info":"","speechkit_response":"","speechkit_retries":"","_speechkit_link":"","_speechkit_text":""},"categories":[51,78],"tags":[1727,317,266,197,1367,52],"jetpack_featured_media_url":"","_links":{"self":[{"href":"https:\/\/pinews.com.br\/index.php\/wp-json\/wp\/v2\/posts\/8139"}],"collection":[{"href":"https:\/\/pinews.com.br\/index.php\/wp-json\/wp\/v2\/posts"}],"about":[{"href":"https:\/\/pinews.com.br\/index.php\/wp-json\/wp\/v2\/types\/post"}],"author":[{"embeddable":true,"href":"https:\/\/pinews.com.br\/index.php\/wp-json\/wp\/v2\/users\/1"}],"replies":[{"embeddable":true,"href":"https:\/\/pinews.com.br\/index.php\/wp-json\/wp\/v2\/comments?post=8139"}],"version-history":[{"count":0,"href":"https:\/\/pinews.com.br\/index.php\/wp-json\/wp\/v2\/posts\/8139\/revisions"}],"wp:featuredmedia":[{"embeddable":true,"href":"https:\/\/pinews.com.br\/index.php\/wp-json\/"}],"wp:attachment":[{"href":"https:\/\/pinews.com.br\/index.php\/wp-json\/wp\/v2\/media?parent=8139"}],"wp:term":[{"taxonomy":"category","embeddable":true,"href":"https:\/\/pinews.com.br\/index.php\/wp-json\/wp\/v2\/categories?post=8139"},{"taxonomy":"post_tag","embeddable":true,"href":"https:\/\/pinews.com.br\/index.php\/wp-json\/wp\/v2\/tags?post=8139"}],"curies":[{"name":"wp","href":"https:\/\/api.w.org\/{rel}","templated":true}]}}