{"id":8177,"date":"2020-05-25T08:25:34","date_gmt":"2020-05-25T11:25:34","guid":{"rendered":"https:\/\/pinews.com.br\/?p=8177"},"modified":"2020-05-25T08:25:34","modified_gmt":"2020-05-25T11:25:34","slug":"inss-comeca-a-pagar-ultima-parcela-do-13-salario-nesta-segunda-25","status":"publish","type":"post","link":"https:\/\/pinews.com.br\/index.php\/2020\/05\/25\/inss-comeca-a-pagar-ultima-parcela-do-13-salario-nesta-segunda-25\/","title":{"rendered":"INSS come\u00e7a a pagar \u00faltima parcela do 13\u00b0 sal\u00e1rio nesta segunda (25)"},"content":{"rendered":"\n<p><em>Foto: Reprodu\u00e7\u00e3o <\/em><\/p>\n\n\n\n<p style=\"text-align:justify\">Instituto Nacional do Seguro Social (INSS) come\u00e7a a pagar, nesta segunda-feira (25), a&nbsp;segunda parcela do 13\u00b0 sal\u00e1rio&nbsp;de&nbsp;aposentados&nbsp;e&nbsp;pensionistas. A estimativa \u00e9 que mais de 30 milh\u00f5es de brasileiros tenham direito ao benef\u00edcio.<\/p>\n\n\n\n<p style=\"text-align:justify\">Quem recebe um sal\u00e1rio m\u00ednimo, ou seja, R$ 1.045,00, o dep\u00f3sito ser\u00e1 feito entre os dias 25 de maio e 5 de junho. J\u00e1 os segurados com renda mensal acima desse valor ter\u00e3o os pagamentos creditados entre os dias primeiro e cinco de junho.<\/p>\n\n\n\n<div class=\"wp-block-image\"><figure class=\"aligncenter\"><img decoding=\"async\" src=\"https:\/\/dia.portalodia.com\/media\/editor\/inss-13-salario-aposentados1590343324.jpg\" alt=\"\"\/><figcaption><em><sup>Data d pagamento ir\u00e1 variar dependendo do valor a ser recebido (Foto: Marcelo Camargo\/Ag\u00eancia Brasil)<\/sup><\/em><\/figcaption><\/figure><\/div>\n\n\n\n<p style=\"text-align:justify\">A data exata para a remunera\u00e7\u00e3o pode ser verificada a partir do n\u00famero do benef\u00edcio composto de dez d\u00edgitos, onde pen\u00faltimo algarismo corresponde ao dia do pagamento.&nbsp;A primeira parcela foi paga entre os dias 24 de abril e 8 de maio.<\/p>\n\n\n\n<p style=\"text-align:justify\">A antecipa\u00e7\u00e3o dos recursos, que deve injetar quase R$ 24 bilh\u00f5es na economia do pa\u00eds, \u00e9 uma das medidas anunciadas pelo&nbsp;Governo Federal&nbsp;para o enfrentamento da pandemia do&nbsp;novo coronav\u00edrus (Covid-19).<\/p>\n\n\n\n<p style=\"text-align:justify\">Vale ressaltar que na segunda parcela do d\u00e9cimo terceiro sal\u00e1rio, h\u00e1 o desconto do Imposto de Renda (IR).<\/p>\n\n\n\n<p><strong>Fonte: Portal O Dia<\/strong><\/p>\n","protected":false},"excerpt":{"rendered":"<p>Foto: Reprodu\u00e7\u00e3o Instituto Nacional do Seguro Social (INSS) come\u00e7a a pagar, nesta segunda-feira (25), a&nbsp;segunda parcela do 13\u00b0 sal\u00e1rio&nbsp;de&nbsp;aposentados&nbsp;e&nbsp;pensionistas. A estimativa \u00e9 que mais de 30 milh\u00f5es de brasileiros tenham direito ao benef\u00edcio. Quem recebe um sal\u00e1rio m\u00ednimo, ou seja, R$ 1.045,00, o dep\u00f3sito ser\u00e1 feito entre os dias 25 de maio e 5 de [&hellip;]<\/p>\n","protected":false},"author":1,"featured_media":8179,"comment_status":"open","ping_status":"open","sticky":false,"template":"","format":"standard","meta":{"beyondwords_generate_audio":"","beyondwords_project_id":"","beyondwords_podcast_id":"","beyondwords_hash":"","beyondwords_error_message":"","beyondwords_disabled":"","publish_post_to_speechkit":"","speechkit_generate_audio":"","speechkit_project_id":"","speechkit_podcast_id":"","speechkit_hash":"","speechkit_error_message":"","speechkit_disabled":"","speechkit_access_key":"","speechkit_error":"","speechkit_info":"","speechkit_response":"","speechkit_retries":"","_speechkit_link":"","_speechkit_text":""},"categories":[516,134],"tags":[2669,1138,2602,3015],"jetpack_featured_media_url":"","_links":{"self":[{"href":"https:\/\/pinews.com.br\/index.php\/wp-json\/wp\/v2\/posts\/8177"}],"collection":[{"href":"https:\/\/pinews.com.br\/index.php\/wp-json\/wp\/v2\/posts"}],"about":[{"href":"https:\/\/pinews.com.br\/index.php\/wp-json\/wp\/v2\/types\/post"}],"author":[{"embeddable":true,"href":"https:\/\/pinews.com.br\/index.php\/wp-json\/wp\/v2\/users\/1"}],"replies":[{"embeddable":true,"href":"https:\/\/pinews.com.br\/index.php\/wp-json\/wp\/v2\/comments?post=8177"}],"version-history":[{"count":0,"href":"https:\/\/pinews.com.br\/index.php\/wp-json\/wp\/v2\/posts\/8177\/revisions"}],"wp:featuredmedia":[{"embeddable":true,"href":"https:\/\/pinews.com.br\/index.php\/wp-json\/"}],"wp:attachment":[{"href":"https:\/\/pinews.com.br\/index.php\/wp-json\/wp\/v2\/media?parent=8177"}],"wp:term":[{"taxonomy":"category","embeddable":true,"href":"https:\/\/pinews.com.br\/index.php\/wp-json\/wp\/v2\/categories?post=8177"},{"taxonomy":"post_tag","embeddable":true,"href":"https:\/\/pinews.com.br\/index.php\/wp-json\/wp\/v2\/tags?post=8177"}],"curies":[{"name":"wp","href":"https:\/\/api.w.org\/{rel}","templated":true}]}}