{"id":8195,"date":"2020-05-25T08:57:13","date_gmt":"2020-05-25T11:57:13","guid":{"rendered":"https:\/\/pinews.com.br\/?p=8195"},"modified":"2020-05-25T08:57:13","modified_gmt":"2020-05-25T11:57:13","slug":"inscricoes-para-o-programa-jovem-aprendiz-dos-correios-terminam-nesta-semana","status":"publish","type":"post","link":"https:\/\/pinews.com.br\/index.php\/2020\/05\/25\/inscricoes-para-o-programa-jovem-aprendiz-dos-correios-terminam-nesta-semana\/","title":{"rendered":"Inscri\u00e7\u00f5es para o Programa Jovem Aprendiz dos Correios terminam nesta semana"},"content":{"rendered":"\n<p><em>Foto: Reprodu\u00e7\u00e3o <\/em><\/p>\n\n\n\n<p style=\"text-align:justify\">Os interessados em participar do Programa Jovem Aprendiz dos Correios 2020 devem ficar atentos: as inscri\u00e7\u00f5es v\u00e3o at\u00e9 a pr\u00f3xima sexta-feira (29). Estudantes de todo o pa\u00eds que tenham entre 14 e 22 anos de idade completos e cursem, no m\u00ednimo, o 6\u00ba (sexto) ano do Ensino Fundamental, podem se candidatar.<\/p>\n\n\n\n<p style=\"text-align:justify\">O edital contempla o total de 4.462 vagas. Os jovens selecionados ter\u00e3o uma jornada semanal de trabalho de 20 horas e receber\u00e3o um sal\u00e1rio de at\u00e9 R$ 490,83 mensais \u2013 al\u00e9m de vale-transporte, vale-refei\u00e7\u00e3o ou alimenta\u00e7\u00e3o e uniforme. Durante os 12 meses de contrato, o Jovem Aprendiz conciliar\u00e1 a parte te\u00f3rica dos cursos de Assistente Administrativo ou de Assistente de Log\u00edstica, com a parte pr\u00e1tica das atividades exercidas nos Correios.<\/p>\n\n\n\n<p style=\"text-align:justify\">At\u00e9 o momento, mais de 471 mil candidatos se inscreveram para concorrer \u00e0s vagas do programa.<\/p>\n\n\n\n<p style=\"text-align:justify\">Programa Jovem Aprendiz \u2013&nbsp;Desde 2011, dezenas de milhares de jovens tiveram a oportunidade de conseguir sua primeira experi\u00eancia profissional em uma das maiores empresas p\u00fablicas do pa\u00eds. Uma d\u00e9cada de comprometimento da empresa com a sociedade, contribuindo para a inclus\u00e3o social de jovens. Mais detalhes sobre o Programa Jovem Aprendiz dos Correios 2020 podem ser encontrados&nbsp;<a href=\"http:\/\/www.correios.com.br\/\" target=\"_blank\" rel=\"noreferrer noopener\"><strong>no site<\/strong><\/a>.<\/p>\n\n\n\n<p><strong>Fonte: AsCom<\/strong><\/p>\n","protected":false},"excerpt":{"rendered":"<p>Foto: Reprodu\u00e7\u00e3o Os interessados em participar do Programa Jovem Aprendiz dos Correios 2020 devem ficar atentos: as inscri\u00e7\u00f5es v\u00e3o at\u00e9 a pr\u00f3xima sexta-feira (29). Estudantes de todo o pa\u00eds que tenham entre 14 e 22 anos de idade completos e cursem, no m\u00ednimo, o 6\u00ba (sexto) ano do Ensino Fundamental, podem se candidatar. O edital [&hellip;]<\/p>\n","protected":false},"author":1,"featured_media":8197,"comment_status":"open","ping_status":"open","sticky":false,"template":"","format":"standard","meta":{"beyondwords_generate_audio":"","beyondwords_project_id":"","beyondwords_podcast_id":"","beyondwords_hash":"","beyondwords_error_message":"","beyondwords_disabled":"","publish_post_to_speechkit":"","speechkit_generate_audio":"","speechkit_project_id":"","speechkit_podcast_id":"","speechkit_hash":"","speechkit_error_message":"","speechkit_disabled":"","speechkit_access_key":"","speechkit_error":"","speechkit_info":"","speechkit_response":"","speechkit_retries":"","_speechkit_link":"","_speechkit_text":""},"categories":[134],"tags":[1238,1186,3021],"jetpack_featured_media_url":"","_links":{"self":[{"href":"https:\/\/pinews.com.br\/index.php\/wp-json\/wp\/v2\/posts\/8195"}],"collection":[{"href":"https:\/\/pinews.com.br\/index.php\/wp-json\/wp\/v2\/posts"}],"about":[{"href":"https:\/\/pinews.com.br\/index.php\/wp-json\/wp\/v2\/types\/post"}],"author":[{"embeddable":true,"href":"https:\/\/pinews.com.br\/index.php\/wp-json\/wp\/v2\/users\/1"}],"replies":[{"embeddable":true,"href":"https:\/\/pinews.com.br\/index.php\/wp-json\/wp\/v2\/comments?post=8195"}],"version-history":[{"count":0,"href":"https:\/\/pinews.com.br\/index.php\/wp-json\/wp\/v2\/posts\/8195\/revisions"}],"wp:featuredmedia":[{"embeddable":true,"href":"https:\/\/pinews.com.br\/index.php\/wp-json\/"}],"wp:attachment":[{"href":"https:\/\/pinews.com.br\/index.php\/wp-json\/wp\/v2\/media?parent=8195"}],"wp:term":[{"taxonomy":"category","embeddable":true,"href":"https:\/\/pinews.com.br\/index.php\/wp-json\/wp\/v2\/categories?post=8195"},{"taxonomy":"post_tag","embeddable":true,"href":"https:\/\/pinews.com.br\/index.php\/wp-json\/wp\/v2\/tags?post=8195"}],"curies":[{"name":"wp","href":"https:\/\/api.w.org\/{rel}","templated":true}]}}