{"id":8510,"date":"2020-06-01T08:07:04","date_gmt":"2020-06-01T11:07:04","guid":{"rendered":"https:\/\/pinews.com.br\/?p=8510"},"modified":"2020-06-01T08:07:04","modified_gmt":"2020-06-01T11:07:04","slug":"papa-diz-que-pessoas-sao-mais-importantes-do-que-a-economia","status":"publish","type":"post","link":"https:\/\/pinews.com.br\/index.php\/2020\/06\/01\/papa-diz-que-pessoas-sao-mais-importantes-do-que-a-economia\/","title":{"rendered":"Papa diz que pessoas s\u00e3o mais importantes do que a economia"},"content":{"rendered":"\n<p style=\"text-align:justify\">\u00a9 Reuters\/Vatican Media\/Direitos Reservados<\/p>\n\n\n\n<p style=\"text-align:justify\">O papa Francisco afirmou que pessoas s\u00e3o mais importantes do que a economia. A afirma\u00e7\u00e3o foi feita no momento em que alguns pa\u00edses decidem com que rapidez v\u00e3o reabrir suas economias ap\u00f3s as restri\u00e7\u00f5es causadas pelo novo coronav\u00edrus.<\/p>\n\n\n\n<p style=\"text-align:justify\">O papa fez os coment\u00e1rios neste domingo (31), no Vaticano, a partir de texto preparado, no primeiro discurso do meio-dia de sua janela sobre a Pra\u00e7a de S\u00e3o Pedro em tr\u00eas meses, conforme o isolamento da It\u00e1lia chega ao fim.<\/p>\n\n\n\n<p style=\"text-align:justify\">&#8220;Curar as pessoas, n\u00e3o poupar (dinheiro) para ajudar a economia, (\u00e9 importante) curar as pessoas, que s\u00e3o mais importantes do que a economia&#8221;, disse. N\u00f3s, pessoas, somos templos do esp\u00edrito santo, a economia n\u00e3o&#8221;, completou.<\/p>\n\n\n\n<p style=\"text-align:justify\">O papa Francisco n\u00e3o mencionou nenhum pa\u00eds. Muitos governos est\u00e3o decidindo se reabrem suas economias para salvar empresas e padr\u00f5es de vida, ou se mant\u00eam o lockdown at\u00e9 que tenham certeza que o v\u00edrus est\u00e1 sob controle.<\/p>\n\n\n\n<p style=\"text-align:justify\">As palavras do papa foram recebidos com aplausos de centenas de pessoas na pra\u00e7a, muitas usando m\u00e1scaras e mantendo v\u00e1rios metros de dist\u00e2ncia umas das outras.<\/p>\n\n\n\n<p style=\"text-align:justify\">A pra\u00e7a foi reaberta ao p\u00fablico no domingo passado (24). Normalmente dezenas de milhares de pessoas comparecem ao local aos domingos.<\/p>\n\n\n\n<p><strong>Fonte: Ag\u00eancia Brasil<\/strong><\/p>\n","protected":false},"excerpt":{"rendered":"<p>\u00a9 Reuters\/Vatican Media\/Direitos Reservados O papa Francisco afirmou que pessoas s\u00e3o mais importantes do que a economia. A afirma\u00e7\u00e3o foi feita no momento em que alguns pa\u00edses decidem com que rapidez v\u00e3o reabrir suas economias ap\u00f3s as restri\u00e7\u00f5es causadas pelo novo coronav\u00edrus. O papa fez os coment\u00e1rios neste domingo (31), no Vaticano, a partir de [&hellip;]<\/p>\n","protected":false},"author":1,"featured_media":8511,"comment_status":"open","ping_status":"open","sticky":false,"template":"","format":"standard","meta":{"beyondwords_generate_audio":"","beyondwords_project_id":"","beyondwords_podcast_id":"","beyondwords_hash":"","beyondwords_error_message":"","beyondwords_disabled":"","publish_post_to_speechkit":"","speechkit_generate_audio":"","speechkit_project_id":"","speechkit_podcast_id":"","speechkit_hash":"","speechkit_error_message":"","speechkit_disabled":"","speechkit_access_key":"","speechkit_error":"","speechkit_info":"","speechkit_response":"","speechkit_retries":"","_speechkit_link":"","_speechkit_text":""},"categories":[516,134],"tags":[3129,259],"jetpack_featured_media_url":"","_links":{"self":[{"href":"https:\/\/pinews.com.br\/index.php\/wp-json\/wp\/v2\/posts\/8510"}],"collection":[{"href":"https:\/\/pinews.com.br\/index.php\/wp-json\/wp\/v2\/posts"}],"about":[{"href":"https:\/\/pinews.com.br\/index.php\/wp-json\/wp\/v2\/types\/post"}],"author":[{"embeddable":true,"href":"https:\/\/pinews.com.br\/index.php\/wp-json\/wp\/v2\/users\/1"}],"replies":[{"embeddable":true,"href":"https:\/\/pinews.com.br\/index.php\/wp-json\/wp\/v2\/comments?post=8510"}],"version-history":[{"count":0,"href":"https:\/\/pinews.com.br\/index.php\/wp-json\/wp\/v2\/posts\/8510\/revisions"}],"wp:featuredmedia":[{"embeddable":true,"href":"https:\/\/pinews.com.br\/index.php\/wp-json\/"}],"wp:attachment":[{"href":"https:\/\/pinews.com.br\/index.php\/wp-json\/wp\/v2\/media?parent=8510"}],"wp:term":[{"taxonomy":"category","embeddable":true,"href":"https:\/\/pinews.com.br\/index.php\/wp-json\/wp\/v2\/categories?post=8510"},{"taxonomy":"post_tag","embeddable":true,"href":"https:\/\/pinews.com.br\/index.php\/wp-json\/wp\/v2\/tags?post=8510"}],"curies":[{"name":"wp","href":"https:\/\/api.w.org\/{rel}","templated":true}]}}