{"id":8593,"date":"2020-06-03T07:35:42","date_gmt":"2020-06-03T10:35:42","guid":{"rendered":"https:\/\/pinews.com.br\/?p=8593"},"modified":"2020-06-03T07:35:42","modified_gmt":"2020-06-03T10:35:42","slug":"senado-aprova-congelamento-de-precos-de-remedios-e-de-planos-de-saude","status":"publish","type":"post","link":"https:\/\/pinews.com.br\/index.php\/2020\/06\/03\/senado-aprova-congelamento-de-precos-de-remedios-e-de-planos-de-saude\/","title":{"rendered":"Senado aprova congelamento de pre\u00e7os de rem\u00e9dios e de planos de sa\u00fade"},"content":{"rendered":"\n<p>\u00a9 Marcello Casal JrAg\u00eancia Brasil<\/p>\n\n\n\n<p style=\"text-align:justify\">O Senado aprovou&nbsp;hoje&nbsp;(2) um Projeto de Lei (PL) que suspende o ajuste anual de pre\u00e7os de medicamentos e de planos e seguros privados de assist\u00eancia \u00e0 sa\u00fade. De acordo com o projeto, os pre\u00e7os de medicamentos ficam congelados por 60 dias e o de planos de sa\u00fade por 120 dias. O projeto vai \u00e0 C\u00e2mara dos Deputados.<\/p>\n\n\n\n<p style=\"text-align:justify\">O autor do projeto, o senador Eduardo Braga (MDB-AM) havia proposto o prazo de 120 dias tamb\u00e9m para os medicamentos, mas o relator, Conf\u00facio Moura (MDB-RO), lembrou que j\u00e1 existe uma Medida Provis\u00f3ria (MP) congelando o pre\u00e7o dos rem\u00e9dios. Por isso, ele alterou o prazo para 60 dias, somando-se aos 60 dias firmados pela MP.<\/p>\n\n\n\n<p style=\"text-align:justify\">V\u00e1rios senadores mostraram indigna\u00e7\u00e3o com o aumento de pre\u00e7os no setor. \u201cTemos v\u00e1rios setores no Brasil fazendo um esfor\u00e7o grande para dar sua contribui\u00e7\u00e3o nessa pandemia. E n\u00e3o \u00e9 justo que tenhamos aumento de plano de sa\u00fade e de medicamento quando estamos com o mundo em recess\u00e3o\u201d, disse Eliziane Gama (Cidadania-MA).<\/p>\n\n\n\n<p style=\"text-align:justify\">O l\u00edder do governo no Senado, Fernando Bezerra (MDB-PE), destacou o trabalho de senadores de todos os espectros pol\u00edticos para a aprova\u00e7\u00e3o de medidas importantes durante a pandemia. \u201cTemos buscado sempre o entendimento m\u00e9dio. A sensibilidade aflora, os apelos s\u00e3o feitos no sentido de haver a prote\u00e7\u00e3o social para milh\u00f5es de brasileiros que n\u00e3o podem enfrentar reajuste de medicamentos e de planos de sa\u00fade\u201d.<\/p>\n\n\n\n<p>Edi\u00e7\u00e3o: Aline Leal<\/p>\n\n\n\n<p><strong>Fonte: Ag\u00eancia Brasil<\/strong><\/p>\n\n\n\n<p><br><\/p>\n","protected":false},"excerpt":{"rendered":"<p>\u00a9 Marcello Casal JrAg\u00eancia Brasil O Senado aprovou&nbsp;hoje&nbsp;(2) um Projeto de Lei (PL) que suspende o ajuste anual de pre\u00e7os de medicamentos e de planos e seguros privados de assist\u00eancia \u00e0 sa\u00fade. De acordo com o projeto, os pre\u00e7os de medicamentos ficam congelados por 60 dias e o de planos de sa\u00fade por 120 dias. [&hellip;]<\/p>\n","protected":false},"author":1,"featured_media":8594,"comment_status":"open","ping_status":"open","sticky":false,"template":"","format":"standard","meta":{"beyondwords_generate_audio":"","beyondwords_project_id":"","beyondwords_podcast_id":"","beyondwords_hash":"","beyondwords_error_message":"","beyondwords_disabled":"","publish_post_to_speechkit":"","speechkit_generate_audio":"","speechkit_project_id":"","speechkit_podcast_id":"","speechkit_hash":"","speechkit_error_message":"","speechkit_disabled":"","speechkit_access_key":"","speechkit_error":"","speechkit_info":"","speechkit_response":"","speechkit_retries":"","_speechkit_link":"","_speechkit_text":""},"categories":[516,134],"tags":[1209,1590],"jetpack_featured_media_url":"","_links":{"self":[{"href":"https:\/\/pinews.com.br\/index.php\/wp-json\/wp\/v2\/posts\/8593"}],"collection":[{"href":"https:\/\/pinews.com.br\/index.php\/wp-json\/wp\/v2\/posts"}],"about":[{"href":"https:\/\/pinews.com.br\/index.php\/wp-json\/wp\/v2\/types\/post"}],"author":[{"embeddable":true,"href":"https:\/\/pinews.com.br\/index.php\/wp-json\/wp\/v2\/users\/1"}],"replies":[{"embeddable":true,"href":"https:\/\/pinews.com.br\/index.php\/wp-json\/wp\/v2\/comments?post=8593"}],"version-history":[{"count":0,"href":"https:\/\/pinews.com.br\/index.php\/wp-json\/wp\/v2\/posts\/8593\/revisions"}],"wp:featuredmedia":[{"embeddable":true,"href":"https:\/\/pinews.com.br\/index.php\/wp-json\/"}],"wp:attachment":[{"href":"https:\/\/pinews.com.br\/index.php\/wp-json\/wp\/v2\/media?parent=8593"}],"wp:term":[{"taxonomy":"category","embeddable":true,"href":"https:\/\/pinews.com.br\/index.php\/wp-json\/wp\/v2\/categories?post=8593"},{"taxonomy":"post_tag","embeddable":true,"href":"https:\/\/pinews.com.br\/index.php\/wp-json\/wp\/v2\/tags?post=8593"}],"curies":[{"name":"wp","href":"https:\/\/api.w.org\/{rel}","templated":true}]}}