{"id":892,"date":"2019-08-01T09:07:12","date_gmt":"2019-08-01T12:07:12","guid":{"rendered":"https:\/\/pinews.com.br\/?p=892"},"modified":"2019-08-01T09:07:12","modified_gmt":"2019-08-01T12:07:12","slug":"juiz-propoe-e-governo-estuda-implantar-empresas-dentro-de-presidios","status":"publish","type":"post","link":"https:\/\/pinews.com.br\/index.php\/2019\/08\/01\/juiz-propoe-e-governo-estuda-implantar-empresas-dentro-de-presidios\/","title":{"rendered":"Juiz prop\u00f5e e governo estuda implantar empresas dentro de pres\u00eddios"},"content":{"rendered":"\n<p>Por <strong>Breno Luis <\/strong>&#8211; 01 de agosto de 2019<\/p>\n\n\n\n<figure class=\"wp-block-image\"><img decoding=\"async\" src=\"https:\/\/cidadeverde.com\/assets\/uploads\/posts\/reuniao-vidal.jpg\" alt=\"\"\/><figcaption> Foto: Assessoria de Comunica\u00e7\u00e3o do TJ\/PI <\/figcaption><\/figure>\n\n\n\n<p style=\"text-align:justify\">O governo do Piau\u00ed estuda implantar empresas dentro das penitenci\u00e1rias do Estado para dar a oportunidade aos detentos de aprenderem uma profiss\u00e3o e gerarem renda. A ideia foi dada pelo juiz Jos\u00e9 Vidal de Freitas, titular da Vara de Execu\u00e7\u00f5es Penais (VEP), em reuni\u00e3o na manh\u00e3 desta ter\u00e7a-feira (30), no Gabinete da Presid\u00eancia do Tribunal de Justi\u00e7a do Piau\u00ed.PUBLICIDADE&nbsp;&nbsp;<\/p>\n\n\n\n<p style=\"text-align:justify\">&#8220;Isso j\u00e1 funciona em outros Estados. No Esp\u00edrito Santo, por exemplo, eu vi uma empresa de cal\u00e7ados infantis funcionando dentro do pres\u00eddio. Existe um grande n\u00famero de empresas que podem fazer o mesmo, basta que sejam trabalhos que possam ser exercidos pelos presos&#8221;, explica Jos\u00e9 Vidal.&nbsp;<\/p>\n\n\n\n<p style=\"text-align:justify\">O juiz acrescenta que os detentos n\u00e3o ser\u00e3o contratados pela Consolida\u00e7\u00e3o das Leis do Trabalho (CLT) e que h\u00e1 vantagens para a popula\u00e7\u00e3o, para os presos e para as empresas.<\/p>\n\n\n\n<p style=\"text-align:justify\">&#8220;As pessoas de dentro dos pres\u00eddios ter\u00e3o uma renda, uma ocupa\u00e7\u00e3o, ir\u00e3o se especializar em alguma profiss\u00e3o e ter\u00e3o, assim, melhores chances de deixar a vida de crimes. Isso \u00e9 bom para a sociedade, porque vai reduzir a criminalidade. O preso, al\u00e9m da renda, teria redu\u00e7\u00e3o de pena. A empresa n\u00e3o teria que arcar com os v\u00e1rios benef\u00edcios da lei trabalhista. Ela pagaria um sal\u00e1rio m\u00ednimo, apenas&#8221;, sugere Vidal.<\/p>\n\n\n\n<p style=\"text-align:justify\">Do sal\u00e1rio m\u00ednimo que o detento receber\u00e1, uma parte iria para ressarcimento de v\u00edtimas, outra para a manuten\u00e7\u00e3o dele dentro do sistema prisional e outra parte para a fam\u00edlia. &#8220;Para isso tudo ser poss\u00edvel basta que o Estado publique um edital com todas as regras&#8221;, afirma o juiz.&nbsp;<\/p>\n\n\n\n<p style=\"text-align:justify\">Vidal garante que nas penitenci\u00e1rias do Piau\u00ed h\u00e1 espa\u00e7o suficiente para a instala\u00e7\u00e3o das empresas e que a estrutura seria acertada entre o governo e o empres\u00e1rio. &#8220;Acredito que, para o empres\u00e1rio, construir essa estrutura ser\u00e1 vantajosa, sim, porque ele ter\u00e1 um custo bastante reduzido na folha de pagamento&#8221;, pontua.<\/p>\n\n\n\n<p style=\"text-align:justify\">Al\u00e9m de Jos\u00e9 Vidal, estiveram presentes na reuni\u00e3o o desembargador Sebasti\u00e3o Martins, presidente do TJ-PI; Merlong Solano, secret\u00e1rio de Administra\u00e7\u00e3o; Gabriela Lacerda, coordenadora do Programa Justi\u00e7a Presente no Piau\u00ed; Michelle Travassos, diretora do Grupo de Monitoramento e Fiscaliza\u00e7\u00e3o do Sistema Carcer\u00e1rio do Estado do Piau\u00ed (GMF-PI); representantes da Secretaria Estadual de Justi\u00e7a, da Procuradoria-Geral do Estado do Piau\u00ed e da Secretaria de Governo do Estado do Piau\u00ed.<\/p>\n\n\n\n<p style=\"text-align:justify\">A Assessoria de Imprensa do secret\u00e1rio de Administra\u00e7\u00e3o confirmou \u00e0 Coluna Economia &amp; Neg\u00f3cios que o governo ir\u00e1 acatar a ideia e estuda uma forma de viabiliz\u00e1-la, o que deve acontecer por gest\u00e3o da Secretaria da Justi\u00e7a (Sejus) ou por meio de Parcerias P\u00fablico-Privadas (PPP).&nbsp;<\/p>\n\n\n\n<p><strong>5% das vagas para ex-detentos<\/strong><\/p>\n\n\n\n<p style=\"text-align:justify\">Durante o encontro, foram discutidas demandas relacionadas ao cumprimento da Lei Estadual n\u00ba 6.344\/2013, segundo a qual 5% das vagas de emprego em empresas terceirizadas contratadas pelos \u00f3rg\u00e3os p\u00fablicos do Estado do Piau\u00ed devem ser destinadas a egressos do sistema prisional. O problema \u00e9 que, at\u00e9 o momento, somente o Tribunal Regional Eleitoral e o Tribunal de Justi\u00e7a est\u00e3o cumprindo essa lei. &#8220;Na reuni\u00e3o, foi discutida essa quest\u00e3o e agora o Executivo ter\u00e1 que cumprir a lei tamb\u00e9m&#8221;, finaliza Vidal.<\/p>\n\n\n\n<p><strong>Fonte: Cidade Verde<\/strong><\/p>\n","protected":false},"excerpt":{"rendered":"<p>Por Breno Luis &#8211; 01 de agosto de 2019 O governo do Piau\u00ed estuda implantar empresas dentro das penitenci\u00e1rias do Estado para dar a oportunidade aos detentos de aprenderem uma profiss\u00e3o e gerarem renda. A ideia foi dada pelo juiz Jos\u00e9 Vidal de Freitas, titular da Vara de Execu\u00e7\u00f5es Penais (VEP), em reuni\u00e3o na manh\u00e3 [&hellip;]<\/p>\n","protected":false},"author":1,"featured_media":893,"comment_status":"open","ping_status":"open","sticky":false,"template":"","format":"standard","meta":{"beyondwords_generate_audio":"","beyondwords_project_id":"","beyondwords_podcast_id":"","beyondwords_hash":"","beyondwords_error_message":"","beyondwords_disabled":"","publish_post_to_speechkit":"","speechkit_generate_audio":"","speechkit_project_id":"","speechkit_podcast_id":"","speechkit_hash":"","speechkit_error_message":"","speechkit_disabled":"","speechkit_access_key":"","speechkit_error":"","speechkit_info":"","speechkit_response":"","speechkit_retries":"","_speechkit_link":"","_speechkit_text":""},"categories":[1184,51],"tags":[1381,1382,52,1383],"jetpack_featured_media_url":"","_links":{"self":[{"href":"https:\/\/pinews.com.br\/index.php\/wp-json\/wp\/v2\/posts\/892"}],"collection":[{"href":"https:\/\/pinews.com.br\/index.php\/wp-json\/wp\/v2\/posts"}],"about":[{"href":"https:\/\/pinews.com.br\/index.php\/wp-json\/wp\/v2\/types\/post"}],"author":[{"embeddable":true,"href":"https:\/\/pinews.com.br\/index.php\/wp-json\/wp\/v2\/users\/1"}],"replies":[{"embeddable":true,"href":"https:\/\/pinews.com.br\/index.php\/wp-json\/wp\/v2\/comments?post=892"}],"version-history":[{"count":0,"href":"https:\/\/pinews.com.br\/index.php\/wp-json\/wp\/v2\/posts\/892\/revisions"}],"wp:featuredmedia":[{"embeddable":true,"href":"https:\/\/pinews.com.br\/index.php\/wp-json\/"}],"wp:attachment":[{"href":"https:\/\/pinews.com.br\/index.php\/wp-json\/wp\/v2\/media?parent=892"}],"wp:term":[{"taxonomy":"category","embeddable":true,"href":"https:\/\/pinews.com.br\/index.php\/wp-json\/wp\/v2\/categories?post=892"},{"taxonomy":"post_tag","embeddable":true,"href":"https:\/\/pinews.com.br\/index.php\/wp-json\/wp\/v2\/tags?post=892"}],"curies":[{"name":"wp","href":"https:\/\/api.w.org\/{rel}","templated":true}]}}