{"id":895,"date":"2019-08-01T09:16:31","date_gmt":"2019-08-01T12:16:31","guid":{"rendered":"https:\/\/pinews.com.br\/?p=895"},"modified":"2019-08-01T09:16:31","modified_gmt":"2019-08-01T12:16:31","slug":"acusado-de-estupro-e-com-mandando-de-prisao-em-aberto-por-roubo-e-preso-na-br-343","status":"publish","type":"post","link":"https:\/\/pinews.com.br\/index.php\/2019\/08\/01\/acusado-de-estupro-e-com-mandando-de-prisao-em-aberto-por-roubo-e-preso-na-br-343\/","title":{"rendered":"Acusado de estupro e com mandando de pris\u00e3o em aberto por roubo \u00e9 preso na BR-343"},"content":{"rendered":"\n<p>Por <strong>Breno Luis<\/strong> &#8211; 01 de agosto de 2019<\/p>\n\n\n\n<figure class=\"wp-block-image\"><img decoding=\"async\" src=\"https:\/\/s2.glbimg.com\/e-kAVxE4PTR-ketF6u1yAOjRMuU=\/0x0:1280x960\/984x0\/smart\/filters:strip_icc()\/i.s3.glbimg.com\/v1\/AUTH_59edd422c0c84a879bd37670ae4f538a\/internal_photos\/bs\/2019\/A\/B\/JLlciXTmOY7fwEWzdDUw\/preso.jpg\" alt=\"Acusado de estupro e com mandado de pris\u00e3o em aberto por roubo \u00e9 preso \u2014 Foto: Divulga\u00e7\u00e3o\/PRF\"\/><figcaption> Acusado de estupro e com mandado de pris\u00e3o em aberto por roubo \u00e9 preso \u2014 Foto: Divulga\u00e7\u00e3o\/PRF <\/figcaption><\/figure>\n\n\n\n<p style=\"text-align:justify\">Um homem de 32 anos acusado por estupro de vulner\u00e1vel e com o mandado de pris\u00e3o em aberto por roubo foi preso na noite desta quarta-feira (31) na BR-343, em Teresina. A autua\u00e7\u00e3o do suspeito aconteceu durante abordagem de rotina da Pol\u00edcia Rodovi\u00e1ria Federal (PRF).<\/p>\n\n\n\n<p style=\"text-align:justify\">De acordo com o inspetor Alexsandro Lima, os agentes solicitaram a documenta\u00e7\u00e3o do condutor e da motocicleta no momento da abordagem. Ao verificar os dados no sistema os policiais constataram a ficha criminal do suspeito.<\/p>\n\n\n\n<p style=\"text-align:justify\">&#8220;Ao realizar verifica\u00e7\u00e3o minuciosa na documenta\u00e7\u00e3o, foi detectado que o homem respondia por estupro de vulner\u00e1vel e possu\u00eda um mandado de pris\u00e3o em aberto emitido pela 1\u00aa Vara Criminal do munic\u00edpio de Campo Maior&#8221;, informou o inspetor.<\/p>\n\n\n\n<p style=\"text-align:justify\">Diante dos dados, os agentes conduziram o suspeito at\u00e9 a Central de Flagrantes de Teresina para dar cumprimento ao mandado.<\/p>\n\n\n\n<p><strong>Fonte: G1 Piau\u00ed<\/strong><\/p>\n","protected":false},"excerpt":{"rendered":"<p>Por Breno Luis &#8211; 01 de agosto de 2019 Um homem de 32 anos acusado por estupro de vulner\u00e1vel e com o mandado de pris\u00e3o em aberto por roubo foi preso na noite desta quarta-feira (31) na BR-343, em Teresina. A autua\u00e7\u00e3o do suspeito aconteceu durante abordagem de rotina da Pol\u00edcia Rodovi\u00e1ria Federal (PRF). De [&hellip;]<\/p>\n","protected":false},"author":1,"featured_media":896,"comment_status":"open","ping_status":"open","sticky":false,"template":"","format":"standard","meta":{"beyondwords_generate_audio":"","beyondwords_project_id":"","beyondwords_podcast_id":"","beyondwords_hash":"","beyondwords_error_message":"","beyondwords_disabled":"","publish_post_to_speechkit":"","speechkit_generate_audio":"","speechkit_project_id":"","speechkit_podcast_id":"","speechkit_hash":"","speechkit_error_message":"","speechkit_disabled":"","speechkit_access_key":"","speechkit_error":"","speechkit_info":"","speechkit_response":"","speechkit_retries":"","_speechkit_link":"","_speechkit_text":""},"categories":[1184,51,78],"tags":[1273,236,52,466,79],"jetpack_featured_media_url":"","_links":{"self":[{"href":"https:\/\/pinews.com.br\/index.php\/wp-json\/wp\/v2\/posts\/895"}],"collection":[{"href":"https:\/\/pinews.com.br\/index.php\/wp-json\/wp\/v2\/posts"}],"about":[{"href":"https:\/\/pinews.com.br\/index.php\/wp-json\/wp\/v2\/types\/post"}],"author":[{"embeddable":true,"href":"https:\/\/pinews.com.br\/index.php\/wp-json\/wp\/v2\/users\/1"}],"replies":[{"embeddable":true,"href":"https:\/\/pinews.com.br\/index.php\/wp-json\/wp\/v2\/comments?post=895"}],"version-history":[{"count":0,"href":"https:\/\/pinews.com.br\/index.php\/wp-json\/wp\/v2\/posts\/895\/revisions"}],"wp:featuredmedia":[{"embeddable":true,"href":"https:\/\/pinews.com.br\/index.php\/wp-json\/"}],"wp:attachment":[{"href":"https:\/\/pinews.com.br\/index.php\/wp-json\/wp\/v2\/media?parent=895"}],"wp:term":[{"taxonomy":"category","embeddable":true,"href":"https:\/\/pinews.com.br\/index.php\/wp-json\/wp\/v2\/categories?post=895"},{"taxonomy":"post_tag","embeddable":true,"href":"https:\/\/pinews.com.br\/index.php\/wp-json\/wp\/v2\/tags?post=895"}],"curies":[{"name":"wp","href":"https:\/\/api.w.org\/{rel}","templated":true}]}}