{"id":9076,"date":"2020-06-19T08:15:48","date_gmt":"2020-06-19T11:15:48","guid":{"rendered":"https:\/\/pinews.com.br\/?p=9076"},"modified":"2020-06-19T08:15:48","modified_gmt":"2020-06-19T11:15:48","slug":"confira-quem-recebe-hoje-a-3a-parcela-do-auxilio-emergencial","status":"publish","type":"post","link":"https:\/\/pinews.com.br\/index.php\/2020\/06\/19\/confira-quem-recebe-hoje-a-3a-parcela-do-auxilio-emergencial\/","title":{"rendered":"Confira quem recebe hoje a 3\u00aa parcela do aux\u00edlio emergencial"},"content":{"rendered":"\n<p style=\"text-align:justify\">\u00a9 Marcello Casal JrAg\u00eancia Brasil<\/p>\n\n\n\n<p style=\"text-align:justify\">A Caixa Econ\u00f4mica Federal far\u00e1 hoje (19) o dep\u00f3sito de R$ 600 (R$ 1.200 para fam\u00edlias chefiadas por mulheres) referente \u00e0 3\u00aa parcela do aux\u00edlio emergencial para benefici\u00e1rios do programa Bolsa Fam\u00edlia que possuem o n\u00famero de identifica\u00e7\u00e3o social (NIS) com final 3. <\/p>\n\n\n\n<p style=\"text-align:justify\">Para os demais n\u00fameros, consulte a tabela abaixo:<\/p>\n\n\n\n<table class=\"wp-block-table\"><tbody><tr><td><strong>Data<\/strong><\/td><td><strong>N<\/strong>\u00ba<strong>. de beneficiados<\/strong><\/td><td><strong>\u00daltimo d\u00edgito do NIS<\/strong><\/td><\/tr><tr><td>18 de junho<\/td><td>1.926.557<\/td><td>d\u00edgito 2<\/td><\/tr><tr><td>19 de junho<\/td><td>1.923.492<\/td><td>d\u00edgito 3<\/td><\/tr><tr><td>22 de junho<\/td><td>1.924.261<\/td><td>d\u00edgito 4<\/td><\/tr><tr><td>23 de junho<\/td><td>1.922.522<\/td><td>d\u00edgito 5<\/td><\/tr><tr><td>24 de junho<\/td><td>1.919.453<\/td><td>d\u00edgito 6<\/td><\/tr><tr><td>25 de junho<\/td><td>1.921.061<\/td><td>d\u00edgito 7<\/td><\/tr><tr><td>26 de junho<\/td><td>1.917.991<\/td><td>d\u00edgito 8<\/td><\/tr><tr><td>29 de junho<\/td><td>1920.953<\/td><td>d\u00edgito 9<\/td><\/tr><tr><td>30 de junho<\/td><td>1.918.047<\/td><td>d\u00edgito 0<\/td><\/tr><\/tbody><\/table>\n\n\n\n<p style=\"text-align:justify\">Na quarta-feira (17), dia do in\u00edcio do pagamento do primeiro lote da 3\u00aa parcela, benefici\u00e1rios do programa Bolsa Fam\u00edlia que possuem o NIS de final 1 tiveram o cr\u00e9dito em conta. Ontem (18), foi o dia de quem tem o NIS terminado em 2. O benef\u00edcio foi criado pelo governo para amenizar o impacto econ\u00f4mico causado pelas medidas adotadas para conter a pandemia do novo coronav\u00edrus.<\/p>\n\n\n\n<p style=\"text-align:justify\">As datas do pagamento do aux\u00edlio emergencial s\u00e3o diferenciadas para pessoas que j\u00e1 eram inscritas no programa Bolsa Fam\u00edlia. Segundo dados apresentados pelo presidente da Caixa, Pedro Guimar\u00e3es, 117,7 milh\u00f5es de pessoas j\u00e1 receberam entre uma e tr\u00eas parcelas do benef\u00edcio. Guimar\u00e3es afirmou ainda que 100% dos cadastros aprovados para o aux\u00edlio j\u00e1 receberam a primeira parcela, que teve o \u00faltimo lote creditado em conta na quarta-feira (17). A verba total do governo federal para o pagamento das 3 parcelas do aux\u00edlio \u00e9 de R$ 83,2 bilh\u00f5es. <\/p>\n\n\n\n<p style=\"text-align:justify\">Para os benefici\u00e1rios do Bolsa Fam\u00edlia, a utiliza\u00e7\u00e3o do aux\u00edlio poder\u00e1 ser feita pelo pr\u00f3prio cart\u00e3o do programa. Quem possui o Cart\u00e3o Cidad\u00e3o ou utiliza o aplicativo Caixa Tem, tamb\u00e9m poder\u00e1 usar o cr\u00e9dito normalmente, e estar\u00e1 apto a realizar compras <em>online<\/em>, pagamento de boletos e pagamentos via maquininhas de cart\u00e3o. <\/p>\n\n\n\n<h2>Rean\u00e1lise<\/h2>\n\n\n\n<p style=\"text-align:justify\">Pedro Guimar\u00e3es apontou tamb\u00e9m que ainda h\u00e1 cadastros em an\u00e1lise para o recebimento do benef\u00edcio. Cerca de 1,5 milh\u00e3o de pessoas ainda est\u00e3o passando pela primeira valida\u00e7\u00e3o da Empresa de Tecnologia e Informa\u00e7\u00f5es da Previd\u00eancia Social (Dataprev), e 1,2 milh\u00e3o est\u00e3o passando pela segunda ou terceira an\u00e1lise de cadastro.<\/p>\n\n\n\n<h2>Aux\u00edlio emergencial<\/h2>\n\n\n\n<p style=\"text-align:justify\">A Caixa divulgou ainda as estat\u00edsticas de uso dos servi\u00e7os envolvidos na requisi\u00e7\u00e3o, consulta e an\u00e1lise do aux\u00edlio emergencial at\u00e9 agora. O aplicativo para celulares Aux\u00edlio Emergencial teve cerca de 97 milh\u00f5es de <em>downloads<\/em>. O <em>app<\/em> Caixa Tem, criado para acessar informa\u00e7\u00f5es sobre o aux\u00edlio emergencial e demais benef\u00edcios, o programa de Benef\u00edcio Emergencial de Preserva\u00e7\u00e3o do Emprego (BEm) e programas sociais (FGTS, PIS e seguro-desemprego) foi instalado em 124,6 milh\u00f5es de aparelhos. Os sites da Caixa referentes ao benef\u00edcio tiveram 1,3 bilh\u00e3o de acessos, e a central de liga\u00e7\u00f5es do aux\u00edlio emergencial atendeu mais de 285 milh\u00f5es de liga\u00e7\u00f5es. <\/p>\n\n\n\n<p>Edi\u00e7\u00e3o: Pedro Ivo de Oliveira<\/p>\n\n\n\n<p><strong>Fonte: Ag\u00eancia Brasil<\/strong><\/p>\n","protected":false},"excerpt":{"rendered":"<p>\u00a9 Marcello Casal JrAg\u00eancia Brasil A Caixa Econ\u00f4mica Federal far\u00e1 hoje (19) o dep\u00f3sito de R$ 600 (R$ 1.200 para fam\u00edlias chefiadas por mulheres) referente \u00e0 3\u00aa parcela do aux\u00edlio emergencial para benefici\u00e1rios do programa Bolsa Fam\u00edlia que possuem o n\u00famero de identifica\u00e7\u00e3o social (NIS) com final 3. Para os demais n\u00fameros, consulte a tabela [&hellip;]<\/p>\n","protected":false},"author":1,"featured_media":9077,"comment_status":"open","ping_status":"open","sticky":false,"template":"","format":"standard","meta":{"beyondwords_generate_audio":"","beyondwords_project_id":"","beyondwords_podcast_id":"","beyondwords_hash":"","beyondwords_error_message":"","beyondwords_disabled":"","publish_post_to_speechkit":"","speechkit_generate_audio":"","speechkit_project_id":"","speechkit_podcast_id":"","speechkit_hash":"","speechkit_error_message":"","speechkit_disabled":"","speechkit_access_key":"","speechkit_error":"","speechkit_info":"","speechkit_response":"","speechkit_retries":"","_speechkit_link":"","_speechkit_text":""},"categories":[516],"tags":[2329,662,1208,811],"jetpack_featured_media_url":"","_links":{"self":[{"href":"https:\/\/pinews.com.br\/index.php\/wp-json\/wp\/v2\/posts\/9076"}],"collection":[{"href":"https:\/\/pinews.com.br\/index.php\/wp-json\/wp\/v2\/posts"}],"about":[{"href":"https:\/\/pinews.com.br\/index.php\/wp-json\/wp\/v2\/types\/post"}],"author":[{"embeddable":true,"href":"https:\/\/pinews.com.br\/index.php\/wp-json\/wp\/v2\/users\/1"}],"replies":[{"embeddable":true,"href":"https:\/\/pinews.com.br\/index.php\/wp-json\/wp\/v2\/comments?post=9076"}],"version-history":[{"count":0,"href":"https:\/\/pinews.com.br\/index.php\/wp-json\/wp\/v2\/posts\/9076\/revisions"}],"wp:featuredmedia":[{"embeddable":true,"href":"https:\/\/pinews.com.br\/index.php\/wp-json\/"}],"wp:attachment":[{"href":"https:\/\/pinews.com.br\/index.php\/wp-json\/wp\/v2\/media?parent=9076"}],"wp:term":[{"taxonomy":"category","embeddable":true,"href":"https:\/\/pinews.com.br\/index.php\/wp-json\/wp\/v2\/categories?post=9076"},{"taxonomy":"post_tag","embeddable":true,"href":"https:\/\/pinews.com.br\/index.php\/wp-json\/wp\/v2\/tags?post=9076"}],"curies":[{"name":"wp","href":"https:\/\/api.w.org\/{rel}","templated":true}]}}