{"id":910,"date":"2019-08-01T17:17:28","date_gmt":"2019-08-01T20:17:28","guid":{"rendered":"https:\/\/pinews.com.br\/?p=910"},"modified":"2019-08-01T17:17:28","modified_gmt":"2019-08-01T20:17:28","slug":"prf-carro-ocupado-por-capitao-anderson-estava-com-pneu-reserva-e-acima-da-velocidade","status":"publish","type":"post","link":"https:\/\/pinews.com.br\/index.php\/2019\/08\/01\/prf-carro-ocupado-por-capitao-anderson-estava-com-pneu-reserva-e-acima-da-velocidade\/","title":{"rendered":"PRF: carro ocupado por capit\u00e3o Anderson estava com pneu reserva e acima da velocidade"},"content":{"rendered":"\n<p>Por <strong>Breno Luis <\/strong>&#8211; 01 de agosto de 2019<\/p>\n\n\n\n<figure class=\"wp-block-image\"><img decoding=\"async\" src=\"https:\/\/cidadeverde.com\/assets\/uploads\/noticias\/875906fc3bfb2564316695f6c36a92ca.jpg\" alt=\"\"\/><figcaption> Foto: Capit\u00e3o Anderson\/Facebook <\/figcaption><\/figure>\n\n\n\n<p style=\"text-align:justify\">A Pol\u00edcia Rodovi\u00e1ria Federal (PRF) informou que o carro ocupado pelo capit\u00e3o <a href=\"https:\/\/pinews.com.br\/destaques\/presidente-do-psl-teresina-capitao-anderson-morre-em-acidente-de-carro-na-br-343\/\" target=\"_blank\" rel=\"noreferrer noopener\" aria-label=\" (opens in a new tab)\">Marcelo Anderson Alves Pereira<\/a>, presidente do PSL em Teresina, desenvolvia velocidade incompat\u00edvel para o local no momento em que ocorreu o acidente, que vitimou Marcelo Anderson, nesta quinta (1\u00ba).  <br><br>A nota da PRF tamb\u00e9m ressaltou que o carro utilizava &#8220;um pneu de emerg\u00eancia que por orienta\u00e7\u00e3o t\u00e9cnica s\u00f3 pode desenvolver velocidade m\u00e1xima de 80 km\/h&#8221;.<br><br>O acidente envolvendo o capit\u00e3o Anderson, de 44 anos, ocorreu na manh\u00e3 desta quinta por volta das 8h30, na BR 343 KM 150,0 na cidade de Piracuruca\/PI. De acordo com a PRF, o acidente &#8211;  tipo sa\u00edda de pista com colis\u00e3o de objeto fixo (\u00e1rvore) &#8211; envolveu um ve\u00edculo Fiat\/Siena. O carro era conduzido pelo capit\u00e3o, que teve morte imediata. <br><br>O corpo da v\u00edtima ficou preso entre as ferragens e o Corpo de Bombeiros fez a remo\u00e7\u00e3o, e encaminhou para o IML de Parna\u00edba.<br><br>Capit\u00e3o Anderson estava a caminho de Parna\u00edba para participar de uma reuni\u00e3o com o prefeito M\u00e3o Santa; eles iriam acertar os detalhes para a visita do presidente da Rep\u00fablica, Jair Bolsonaro, no litoral piauiense. <\/p>\n\n\n\n<p style=\"text-align:justify\"><strong>Vel\u00f3rio <\/strong><br><br>O translado do corpo de Marcelo Anderson, que deixa esposa e uma filha, acontece na tarde desta quinta. O vel\u00f3rio acontecer\u00e1 na Funer\u00e1ria L\u00f3tus, na Avenida Miguel Rosa, Centro-Sul; previsto para iniciar \u00e0s 18 horas.  O sepultamento ocorrer\u00e1 em Teresina na sexta (02), mas o local n\u00e3o foi confirmado \u00e0 imprensa. <\/p>\n\n\n\n<figure class=\"wp-block-image\"><img decoding=\"async\" src=\"https:\/\/cidadeverde.com\/assets\/uploads\/noticias\/2d95b0aab8bb0e2f940b1de30cafcdfc.jpg\" alt=\"\"\/><figcaption> Foto: Enviada pelo Whatsapp pela PRF <\/figcaption><\/figure>\n\n\n\n<p><strong>Fonte: Cidade Verde<\/strong><\/p>\n","protected":false},"excerpt":{"rendered":"<p>Por Breno Luis &#8211; 01 de agosto de 2019 A Pol\u00edcia Rodovi\u00e1ria Federal (PRF) informou que o carro ocupado pelo capit\u00e3o Marcelo Anderson Alves Pereira, presidente do PSL em Teresina, desenvolvia velocidade incompat\u00edvel para o local no momento em que ocorreu o acidente, que vitimou Marcelo Anderson, nesta quinta (1\u00ba). A nota da PRF tamb\u00e9m [&hellip;]<\/p>\n","protected":false},"author":1,"featured_media":911,"comment_status":"open","ping_status":"open","sticky":false,"template":"","format":"standard","meta":{"beyondwords_generate_audio":"","beyondwords_project_id":"","beyondwords_podcast_id":"","beyondwords_hash":"","beyondwords_error_message":"","beyondwords_disabled":"","publish_post_to_speechkit":"","speechkit_generate_audio":"","speechkit_project_id":"","speechkit_podcast_id":"","speechkit_hash":"","speechkit_error_message":"","speechkit_disabled":"","speechkit_access_key":"","speechkit_error":"","speechkit_info":"","speechkit_response":"","speechkit_retries":"","_speechkit_link":"","_speechkit_text":""},"categories":[1184,68,51],"tags":[176,1388,1389],"jetpack_featured_media_url":"","_links":{"self":[{"href":"https:\/\/pinews.com.br\/index.php\/wp-json\/wp\/v2\/posts\/910"}],"collection":[{"href":"https:\/\/pinews.com.br\/index.php\/wp-json\/wp\/v2\/posts"}],"about":[{"href":"https:\/\/pinews.com.br\/index.php\/wp-json\/wp\/v2\/types\/post"}],"author":[{"embeddable":true,"href":"https:\/\/pinews.com.br\/index.php\/wp-json\/wp\/v2\/users\/1"}],"replies":[{"embeddable":true,"href":"https:\/\/pinews.com.br\/index.php\/wp-json\/wp\/v2\/comments?post=910"}],"version-history":[{"count":0,"href":"https:\/\/pinews.com.br\/index.php\/wp-json\/wp\/v2\/posts\/910\/revisions"}],"wp:featuredmedia":[{"embeddable":true,"href":"https:\/\/pinews.com.br\/index.php\/wp-json\/"}],"wp:attachment":[{"href":"https:\/\/pinews.com.br\/index.php\/wp-json\/wp\/v2\/media?parent=910"}],"wp:term":[{"taxonomy":"category","embeddable":true,"href":"https:\/\/pinews.com.br\/index.php\/wp-json\/wp\/v2\/categories?post=910"},{"taxonomy":"post_tag","embeddable":true,"href":"https:\/\/pinews.com.br\/index.php\/wp-json\/wp\/v2\/tags?post=910"}],"curies":[{"name":"wp","href":"https:\/\/api.w.org\/{rel}","templated":true}]}}