{"id":9174,"date":"2020-06-21T19:38:06","date_gmt":"2020-06-21T22:38:06","guid":{"rendered":"https:\/\/pinews.com.br\/?p=9174"},"modified":"2020-06-21T19:38:06","modified_gmt":"2020-06-21T22:38:06","slug":"renda-brasil-conheca-o-novo-bolsa-familia-e-auxilio-emergencial-do-governo","status":"publish","type":"post","link":"https:\/\/pinews.com.br\/index.php\/2020\/06\/21\/renda-brasil-conheca-o-novo-bolsa-familia-e-auxilio-emergencial-do-governo\/","title":{"rendered":"Renda Brasil: Conhe\u00e7a o Novo Bolsa Fam\u00edlia e Aux\u00edlio Emergencial do governo"},"content":{"rendered":"\n<p><em>Foto: Reprodu\u00e7\u00e3o <\/em><\/p>\n\n\n\n<p style=\"text-align:justify\">Durante esta semana, o ministro da economia, Paulo Guedes, revelou que um novo programa de assist\u00eancia social est\u00e1 sendo preparado pela equipe econ\u00f4mica, em conjunto com a \u00e1rea social do governo.<\/p>\n\n\n\n<p style=\"text-align:justify\">O novo programa ser\u00e1 chamado de Renda Brasil. Tamb\u00e9m foi uma das informa\u00e7\u00f5es confirmadas pelo ministro.<\/p>\n\n\n\n<p style=\"text-align:justify\">Guedes ainda afirmou que a ideia \u00e9 ampliar a cobertura do Bolsa Fam\u00edlia, para incluir os informais, desempregados e aut\u00f4nomos que est\u00e3o recebendo o&nbsp;Aux\u00edlio Emergencial.<\/p>\n\n\n\n<p style=\"text-align:justify\">O Renda Brasil pode ser uma oportunidade tamb\u00e9m de tornar os programas sociais do governo mais eficientes no gasto.<\/p>\n\n\n\n<p style=\"text-align:justify\">A parte do&nbsp;Aux\u00edlio Emergencial&nbsp;foi destinado por pessoas que n\u00e3o deveriam receber os recursos \u2014 como as fam\u00edlias de classe m\u00e9dia e m\u00e9dia alta, que pediram o benef\u00edcio.<\/p>\n\n\n\n<p style=\"text-align:justify\">Cada real gasto precisa ser avaliado. \u00c9 uma oportunidade para unir alguns programas e reavaliar. O abono salarial, por exemplo, n\u00e3o faz sentido atualmente e custa R$ 20 bilh\u00f5es por ano. \u00c9 uma oportunidade de incluir mais informa\u00e7\u00f5es no Cadastro \u00danico, para evitar mais fraudes.<\/p>\n\n\n\n<h3><strong>Renda Brasil o novo Bolsa Fam\u00edlia<\/strong><\/h3>\n\n\n\n<p style=\"text-align:justify\">Desde o in\u00edcio do mandato o governo vem amadurecendo a ideia de criar de um novo programa de transfer\u00eancia de renda, que na pr\u00e1tica, iria se tornar uma esp\u00e9cie de novo&nbsp;Bolsa Fam\u00edlia, intitulado de Renda Brasil, substituindo o benef\u00edcio mais antigo.<\/p>\n\n\n\n<p style=\"text-align:justify\">Com a opini\u00e3o de especialistas pol\u00edticos, essa seria uma estrat\u00e9gia para deixar uma marca pr\u00f3pria do governo Bolsonaro, j\u00e1 que o Bolsa Fam\u00edlia est\u00e1 atrelado a gest\u00f5es anteriores.<\/p>\n\n\n\n<p style=\"text-align:justify\"><strong>Lan\u00e7amento deve acontecer depois do Aux\u00edlio Emergencial<\/strong><\/p>\n\n\n\n<p style=\"text-align:justify\">Com o surgimento da necessidade de cria\u00e7\u00e3o do&nbsp;Aux\u00edlio Emergencial, a ideia do Renda Brasil ganhou mais for\u00e7a. O lan\u00e7amento do aux\u00edlio despertou mais defensores pela cria\u00e7\u00e3o de um benef\u00edcio de renda b\u00e1sica permanente.<\/p>\n\n\n\n<p><strong>Principais d\u00favidas sobre o Renda Brasil<\/strong><\/p>\n\n\n\n<p><strong>Quem ter\u00e1 direito de receber o Renda Brasil?<\/strong><\/p>\n\n\n\n<p style=\"text-align:justify\">\u00c9 um ponto que n\u00e3o foi 100% definido. O que se sabe, \u00e9 que a ideia \u00e9 ampliar a cobertura do Bolsa Fam\u00edlia para incluir os informais, desempregados e aut\u00f4nomos que est\u00e3o recebendo o&nbsp;Aux\u00edlio Emergencial.<\/p>\n\n\n\n<p style=\"text-align:justify\">O Bolsa Fam\u00edlia atende a 43,7 milh\u00f5es fam\u00edlias, o que diz respeito a 20% da popula\u00e7\u00e3o. Portanto, especialistas defendem que um novo programa deveria ter como objetivo ampliar o p\u00fablico atendido para metade da popula\u00e7\u00e3o brasileira, j\u00e1 que a pobreza vai aumentar no Brasil p\u00f3s-pandemia.<\/p>\n\n\n\n<p><strong>Quanto ser\u00e1 o valor do Renda Brasil?<\/strong><\/p>\n\n\n\n<p style=\"text-align:justify\">O valor ainda n\u00e3o foi confirmado pelo governo. Provavelmente esse valor dever\u00e1 ser calculado com base no pagamento do Bolsa Fam\u00edlia. O benef\u00edcio m\u00e9dio do Bolsa, pago a cada fam\u00edlia, \u00e9 de R$ 189,21. Por\u00e9m, algumas fam\u00edlias chegam a receber mais de R$ 500 mensalmente.<\/p>\n\n\n\n<p style=\"text-align:justify\"><strong>Quais ser\u00e3o os crit\u00e9rios para ter direito ao Renda Brasil?<\/strong><\/p>\n\n\n\n<p style=\"text-align:justify\">As regras para ter acesso ao novo programa tamb\u00e9m n\u00e3o foram detalhadas. \u00c9 sempre bom ressaltar que a Renda Brasil ser\u00e1 destinada as fam\u00edlia de baixa renda.<\/p>\n\n\n\n<p style=\"text-align:justify\"><strong>O governo vai sacrificar outros programas para criar o Renda Brasil?<\/strong><\/p>\n\n\n\n<p style=\"text-align:justify\">Sim. O governo dever\u00e1 fazer uma revis\u00e3o dos custos sociais considerados ineficientes e essa seria a justificativa para remanejar alguns gastos para o novo programa.<\/p>\n\n\n\n<p><strong>Os t\u00e9cnicos analisam reconsiderar gastos como:<\/strong><\/p>\n\n\n\n<p style=\"text-align:justify\">\u00b7Abono salarial (benef\u00edcio de um sal\u00e1rio m\u00ednimo voltado para quem ganha at\u00e9 dois pisos, mas que acaba sendo recebido tamb\u00e9m por jovens de classe m\u00e9dia em in\u00edcio de carreira);<\/p>\n\n\n\n<p style=\"text-align:justify\">\u00b7 Seguro-defeso (pago a pescadores artesanais no per\u00edodo de reprodu\u00e7\u00e3o dos peixes, quando a pesca \u00e9 proibida, mas com alto \u00edndice de irregularidades);<\/p>\n\n\n\n<p style=\"text-align:justify\">\u00b7 farm\u00e1cia popular (\u00e9 poss\u00edvel pegar rem\u00e9dio bancado pelo governo federal sem exig\u00eancia de uma renda m\u00e1xima).<\/p>\n\n\n\n<p style=\"text-align:justify\">Portanto, no que diz respeito a situa\u00e7\u00e3o dos atuais cadastrados, nem o ministro muito menos, o presidente citou medidas para garantir os direitos de sa\u00fade, moradia e educa\u00e7\u00e3o.<\/p>\n\n\n\n<p><strong>Fonte: Jornal Cont\u00e1bil<\/strong><\/p>\n","protected":false},"excerpt":{"rendered":"<p>Foto: Reprodu\u00e7\u00e3o Durante esta semana, o ministro da economia, Paulo Guedes, revelou que um novo programa de assist\u00eancia social est\u00e1 sendo preparado pela equipe econ\u00f4mica, em conjunto com a \u00e1rea social do governo. O novo programa ser\u00e1 chamado de Renda Brasil. Tamb\u00e9m foi uma das informa\u00e7\u00f5es confirmadas pelo ministro. Guedes ainda afirmou que a ideia [&hellip;]<\/p>\n","protected":false},"author":1,"featured_media":9175,"comment_status":"open","ping_status":"open","sticky":false,"template":"","format":"standard","meta":{"beyondwords_generate_audio":"","beyondwords_project_id":"","beyondwords_podcast_id":"","beyondwords_hash":"","beyondwords_error_message":"","beyondwords_disabled":"","publish_post_to_speechkit":"","speechkit_generate_audio":"","speechkit_project_id":"","speechkit_podcast_id":"","speechkit_hash":"","speechkit_error_message":"","speechkit_disabled":"","speechkit_access_key":"","speechkit_error":"","speechkit_info":"","speechkit_response":"","speechkit_retries":"","_speechkit_link":"","_speechkit_text":""},"categories":[516,134],"tags":[2329,3411,3412],"jetpack_featured_media_url":"","_links":{"self":[{"href":"https:\/\/pinews.com.br\/index.php\/wp-json\/wp\/v2\/posts\/9174"}],"collection":[{"href":"https:\/\/pinews.com.br\/index.php\/wp-json\/wp\/v2\/posts"}],"about":[{"href":"https:\/\/pinews.com.br\/index.php\/wp-json\/wp\/v2\/types\/post"}],"author":[{"embeddable":true,"href":"https:\/\/pinews.com.br\/index.php\/wp-json\/wp\/v2\/users\/1"}],"replies":[{"embeddable":true,"href":"https:\/\/pinews.com.br\/index.php\/wp-json\/wp\/v2\/comments?post=9174"}],"version-history":[{"count":0,"href":"https:\/\/pinews.com.br\/index.php\/wp-json\/wp\/v2\/posts\/9174\/revisions"}],"wp:featuredmedia":[{"embeddable":true,"href":"https:\/\/pinews.com.br\/index.php\/wp-json\/"}],"wp:attachment":[{"href":"https:\/\/pinews.com.br\/index.php\/wp-json\/wp\/v2\/media?parent=9174"}],"wp:term":[{"taxonomy":"category","embeddable":true,"href":"https:\/\/pinews.com.br\/index.php\/wp-json\/wp\/v2\/categories?post=9174"},{"taxonomy":"post_tag","embeddable":true,"href":"https:\/\/pinews.com.br\/index.php\/wp-json\/wp\/v2\/tags?post=9174"}],"curies":[{"name":"wp","href":"https:\/\/api.w.org\/{rel}","templated":true}]}}