{"id":9252,"date":"2020-06-23T12:28:24","date_gmt":"2020-06-23T15:28:24","guid":{"rendered":"https:\/\/pinews.com.br\/?p=9252"},"modified":"2020-06-23T12:28:24","modified_gmt":"2020-06-23T15:28:24","slug":"mulher-e-encontrada-morta-com-marcas-de-tiros-em-via-publica-no-piaui","status":"publish","type":"post","link":"https:\/\/pinews.com.br\/index.php\/2020\/06\/23\/mulher-e-encontrada-morta-com-marcas-de-tiros-em-via-publica-no-piaui\/","title":{"rendered":"Mulher \u00e9 encontrada morta com marcas de tiros em via p\u00fablica no Piau\u00ed"},"content":{"rendered":"\n<p><em>Foto: Reprodu\u00e7\u00e3o <\/em><\/p>\n\n\n\n<p style=\"text-align:justify\">Na manh\u00e3 desta ter\u00e7a-feira, 23 de junho, a Pol\u00edcia Militar da cidade de Parna\u00edba foi acionada ap\u00f3s den\u00fancias de populares de um corpo de uma mulher que estaria na rua. Ao chegar no local, no bairro Dirceu Arcoverde, foi constatado a veracidade do fato.<\/p>\n\n\n\n<p style=\"text-align:justify\">A mulher, que ainda n\u00e3o possui identifica\u00e7\u00e3o, aparenta ter entre 45 a 50 anos. A per\u00edcia foi acionada at\u00e9 o local e percebeu que a v\u00edtima foi morta a tiros, mas ainda n\u00e3o se sabe precisar quantos disparos. <\/p>\n\n\n\n<p style=\"text-align:justify\">Segundo informa\u00e7\u00f5es do&nbsp;<em>rep\u00f3rter Carlos Mesquita<\/em>, o local onde ela foi encontrada \u00e9 de pouca movimenta\u00e7\u00e3o, fica pr\u00f3ximo a um terreno baldio, um hotel abandonado, um col\u00e9gio que est\u00e1 sem funcionar, ent\u00e3o por conta disso, o trabalho da investiga\u00e7\u00e3o ser\u00e1 mais complexo j\u00e1 que existem poucos vizinhos no local.<\/p>\n\n\n\n<p style=\"text-align:justify\">O Instituto M\u00e9dico Legal tamb\u00e9m foi acionado at\u00e9 o local para realizar a remo\u00e7\u00e3o do corpo.<\/p>\n\n\n\n<p><strong>Fonte: Meio Norte <\/strong><\/p>\n","protected":false},"excerpt":{"rendered":"<p>Foto: Reprodu\u00e7\u00e3o Na manh\u00e3 desta ter\u00e7a-feira, 23 de junho, a Pol\u00edcia Militar da cidade de Parna\u00edba foi acionada ap\u00f3s den\u00fancias de populares de um corpo de uma mulher que estaria na rua. Ao chegar no local, no bairro Dirceu Arcoverde, foi constatado a veracidade do fato. A mulher, que ainda n\u00e3o possui identifica\u00e7\u00e3o, aparenta ter [&hellip;]<\/p>\n","protected":false},"author":1,"featured_media":9253,"comment_status":"open","ping_status":"open","sticky":false,"template":"","format":"standard","meta":{"beyondwords_generate_audio":"","beyondwords_project_id":"","beyondwords_podcast_id":"","beyondwords_hash":"","beyondwords_error_message":"","beyondwords_disabled":"","publish_post_to_speechkit":"","speechkit_generate_audio":"","speechkit_project_id":"","speechkit_podcast_id":"","speechkit_hash":"","speechkit_error_message":"","speechkit_disabled":"","speechkit_access_key":"","speechkit_error":"","speechkit_info":"","speechkit_response":"","speechkit_retries":"","_speechkit_link":"","_speechkit_text":""},"categories":[51,78],"tags":[2373,1367,52,3441],"jetpack_featured_media_url":"","_links":{"self":[{"href":"https:\/\/pinews.com.br\/index.php\/wp-json\/wp\/v2\/posts\/9252"}],"collection":[{"href":"https:\/\/pinews.com.br\/index.php\/wp-json\/wp\/v2\/posts"}],"about":[{"href":"https:\/\/pinews.com.br\/index.php\/wp-json\/wp\/v2\/types\/post"}],"author":[{"embeddable":true,"href":"https:\/\/pinews.com.br\/index.php\/wp-json\/wp\/v2\/users\/1"}],"replies":[{"embeddable":true,"href":"https:\/\/pinews.com.br\/index.php\/wp-json\/wp\/v2\/comments?post=9252"}],"version-history":[{"count":0,"href":"https:\/\/pinews.com.br\/index.php\/wp-json\/wp\/v2\/posts\/9252\/revisions"}],"wp:featuredmedia":[{"embeddable":true,"href":"https:\/\/pinews.com.br\/index.php\/wp-json\/"}],"wp:attachment":[{"href":"https:\/\/pinews.com.br\/index.php\/wp-json\/wp\/v2\/media?parent=9252"}],"wp:term":[{"taxonomy":"category","embeddable":true,"href":"https:\/\/pinews.com.br\/index.php\/wp-json\/wp\/v2\/categories?post=9252"},{"taxonomy":"post_tag","embeddable":true,"href":"https:\/\/pinews.com.br\/index.php\/wp-json\/wp\/v2\/tags?post=9252"}],"curies":[{"name":"wp","href":"https:\/\/api.w.org\/{rel}","templated":true}]}}