{"id":9344,"date":"2020-06-26T12:46:59","date_gmt":"2020-06-26T15:46:59","guid":{"rendered":"https:\/\/pinews.com.br\/?p=9344"},"modified":"2020-06-26T12:46:59","modified_gmt":"2020-06-26T15:46:59","slug":"governo-divulga-calendario-do-pagamento-da-terceira-parcela-de-r-600-do-auxilio-emergencial","status":"publish","type":"post","link":"https:\/\/pinews.com.br\/index.php\/2020\/06\/26\/governo-divulga-calendario-do-pagamento-da-terceira-parcela-de-r-600-do-auxilio-emergencial\/","title":{"rendered":"Governo divulga calend\u00e1rio do pagamento da terceira parcela de R$ 600 do aux\u00edlio emergencial"},"content":{"rendered":"\n<p><em>Foto: Reprodu\u00e7\u00e3o <\/em><\/p>\n\n\n\n<p style=\"text-align:justify\">O governo divulgou na noite desta quinta-feira (25), em edi\u00e7\u00e3o extra do &#8220;Di\u00e1rio Oficial da Uni\u00e3o&#8221;, o calend\u00e1rio de pagamentos da terceira parcela do aux\u00edlio emergencial de R$ 600.<\/p>\n\n\n\n<p style=\"text-align:justify\">Tamb\u00e9m foi divulgado o calend\u00e1rio de pagamento da segunda parcela para os aprovados do segundo lote \u2013 aqueles que receberam a primeira parcela entre os dias 16 e 29 de maio. O governo tamb\u00e9m vai pagar a <strong>primeira parcela do benef\u00edcio a 1,1 milh\u00e3o de novos aprovados<\/strong>.<\/p>\n\n\n\n<p style=\"text-align:justify\"><strong>A segunda parcela para os aprovados do terceiro lote (que receberam a primeira entre os dias 16 e 17 de junho) ainda n\u00e3o tem data definida.<\/strong><\/p>\n\n\n\n<p style=\"text-align:justify\">A partir deste s\u00e1bado (27) e at\u00e9 4 de julho, o dinheiro ser\u00e1 depositado nas contas da poupan\u00e7a social digital para pagamento de contas, boletos e compras por meio do cart\u00e3o de d\u00e9bito digital. As transfer\u00eancias e os saques em dinheiro a partir dessas contas&nbsp;<strong>come\u00e7am em 18 de julho e v\u00e3o at\u00e9 19 de setembro<\/strong>.<\/p>\n\n\n\n<p style=\"text-align:justify\">Nesta quinta, o presidente Jair Bolsonaro afirmou que o governo avalia a prorroga\u00e7\u00e3o do aux\u00edlio emergencial, com o pagamento de tr\u00eas parcelas adicionais, nos valores de R$ 500, R$ 400 e R$ 300.<\/p>\n\n\n\n<h2>Calend\u00e1rios pagamentos<\/h2>\n\n\n\n<figure class=\"wp-block-image\"><img decoding=\"async\" src=\"https:\/\/s2.glbimg.com\/j_ZJYIZCZaJJ7jFOrv8I5mfmP9o=\/0x0:1340x1378\/600x0\/smart\/filters:gifv():strip_icc()\/i.s3.glbimg.com\/v1\/AUTH_59edd422c0c84a879bd37670ae4f538a\/internal_photos\/bs\/2020\/X\/B\/6MvxClQR2GDtCs0zAotg\/uevbt-parcela-3-lote-1.png\" alt=\"Lote 1, parcela 3 - aux\u00edlio emergencial \u2014 Foto: Economia G1\"\/><figcaption>Lote 1, parcela 3 &#8211; aux\u00edlio emergencial \u2014 Foto: Economia G1<\/figcaption><\/figure>\n\n\n\n<figure class=\"wp-block-image\"><img decoding=\"async\" src=\"https:\/\/s2.glbimg.com\/AFtVadiNKeRb_mEFm_EMho2I8lY=\/0x0:1340x1378\/600x0\/smart\/filters:gifv():strip_icc()\/i.s3.glbimg.com\/v1\/AUTH_59edd422c0c84a879bd37670ae4f538a\/internal_photos\/bs\/2020\/x\/3\/2670XQTAuMghsYsrf6gQ\/iq04h-parcela-2-lote-2.png\" alt=\"Lote 2, parcela 2 - aux\u00edlio emergencial \u2014 Foto: Economia G1\"\/><figcaption>Lote 2, parcela 2 &#8211; aux\u00edlio emergencial \u2014 Foto: Economia G1<\/figcaption><\/figure>\n\n\n\n<figure class=\"wp-block-image\"><img decoding=\"async\" src=\"https:\/\/s2.glbimg.com\/zY13Bmjay1bAsz-gZhoFGTKEGvQ=\/0x0:1340x1378\/600x0\/smart\/filters:gifv():strip_icc()\/i.s3.glbimg.com\/v1\/AUTH_59edd422c0c84a879bd37670ae4f538a\/internal_photos\/bs\/2020\/W\/n\/MAOBMfQy6jUGtEVsA2PA\/4nujo-parcela-1-lote-4-novos-aprovados-1-.png\" alt=\"parcela 1, lote 3 (novos aprovados) \u2014 Foto: Economia G1\"\/><figcaption>parcela 1, lote 3 (novos aprovados) \u2014 Foto: Economia G1<\/figcaption><\/figure>\n\n\n\n<p><strong>Fonte: G1<\/strong><\/p>\n","protected":false},"excerpt":{"rendered":"<p>Foto: Reprodu\u00e7\u00e3o O governo divulgou na noite desta quinta-feira (25), em edi\u00e7\u00e3o extra do &#8220;Di\u00e1rio Oficial da Uni\u00e3o&#8221;, o calend\u00e1rio de pagamentos da terceira parcela do aux\u00edlio emergencial de R$ 600. Tamb\u00e9m foi divulgado o calend\u00e1rio de pagamento da segunda parcela para os aprovados do segundo lote \u2013 aqueles que receberam a primeira parcela entre [&hellip;]<\/p>\n","protected":false},"author":1,"featured_media":9289,"comment_status":"open","ping_status":"open","sticky":false,"template":"","format":"standard","meta":{"beyondwords_generate_audio":"","beyondwords_project_id":"","beyondwords_podcast_id":"","beyondwords_hash":"","beyondwords_error_message":"","beyondwords_disabled":"","publish_post_to_speechkit":"","speechkit_generate_audio":"","speechkit_project_id":"","speechkit_podcast_id":"","speechkit_hash":"","speechkit_error_message":"","speechkit_disabled":"","speechkit_access_key":"","speechkit_error":"","speechkit_info":"","speechkit_response":"","speechkit_retries":"","_speechkit_link":"","_speechkit_text":""},"categories":[516,134],"tags":[2329,3486,3356],"jetpack_featured_media_url":"","_links":{"self":[{"href":"https:\/\/pinews.com.br\/index.php\/wp-json\/wp\/v2\/posts\/9344"}],"collection":[{"href":"https:\/\/pinews.com.br\/index.php\/wp-json\/wp\/v2\/posts"}],"about":[{"href":"https:\/\/pinews.com.br\/index.php\/wp-json\/wp\/v2\/types\/post"}],"author":[{"embeddable":true,"href":"https:\/\/pinews.com.br\/index.php\/wp-json\/wp\/v2\/users\/1"}],"replies":[{"embeddable":true,"href":"https:\/\/pinews.com.br\/index.php\/wp-json\/wp\/v2\/comments?post=9344"}],"version-history":[{"count":0,"href":"https:\/\/pinews.com.br\/index.php\/wp-json\/wp\/v2\/posts\/9344\/revisions"}],"wp:featuredmedia":[{"embeddable":true,"href":"https:\/\/pinews.com.br\/index.php\/wp-json\/"}],"wp:attachment":[{"href":"https:\/\/pinews.com.br\/index.php\/wp-json\/wp\/v2\/media?parent=9344"}],"wp:term":[{"taxonomy":"category","embeddable":true,"href":"https:\/\/pinews.com.br\/index.php\/wp-json\/wp\/v2\/categories?post=9344"},{"taxonomy":"post_tag","embeddable":true,"href":"https:\/\/pinews.com.br\/index.php\/wp-json\/wp\/v2\/tags?post=9344"}],"curies":[{"name":"wp","href":"https:\/\/api.w.org\/{rel}","templated":true}]}}