{"id":9356,"date":"2020-06-27T08:31:43","date_gmt":"2020-06-27T11:31:43","guid":{"rendered":"https:\/\/pinews.com.br\/?p=9356"},"modified":"2020-06-27T08:31:43","modified_gmt":"2020-06-27T11:31:43","slug":"dpu-priorizara-quem-precisa-nos-indeferimentos-de-auxilio-emergencial","status":"publish","type":"post","link":"https:\/\/pinews.com.br\/index.php\/2020\/06\/27\/dpu-priorizara-quem-precisa-nos-indeferimentos-de-auxilio-emergencial\/","title":{"rendered":"DPU priorizar\u00e1 quem precisa nos indeferimentos de aux\u00edlio emergencial"},"content":{"rendered":"\n<p style=\"text-align:justify\"><em>\u00a9 Marcello Casal JrAg\u00eancia Brasil<\/em><\/p>\n\n\n\n<p style=\"text-align:justify\">A Defensoria P\u00fablica da Uni\u00e3o (DPU) divulgou nesta sexta-feira (26) um esclarecimento sobre o Acordo de Coopera\u00e7\u00e3o T\u00e9cnica firmado com o Minist\u00e9rio da Cidadania e afirmou que, na impossibilidade de atender a todos que precisam, tem adotado medidas para priorizar quem precisa.&nbsp;<\/p>\n\n\n\n<p style=\"text-align:justify\">\u201cDiversos defensores p\u00fablicos federais, independentemente de of\u00edcio original de especialidade, est\u00e3o dedicados \u00e0 atua\u00e7\u00e3o di\u00e1ria nos casos referentes ao aux\u00edlio emergencial. S\u00e3o defensores da \u00e1rea criminal e da \u00e1rea previdenci\u00e1ria que passaram a refor\u00e7ar a equipe da \u00e1rea c\u00edvel em uma verdadeira for\u00e7a-tarefa, tendo em vista a excepcionalidade do momento em que todos vivemos e a import\u00e2ncia dessa renda emergencial para quem est\u00e1 sem trabalho\u201d, diz a nota.<\/p>\n\n\n\n<p style=\"text-align:justify\">Segundo a DPU, a defensoria n\u00e3o possui estrutura material e humana para atender todos os milh\u00f5es de indeferimentos do aux\u00edlio, algo que a DPU informa que estaria em torno de 40 milh\u00f5es. A DPU conta com 467 defensores com atua\u00e7\u00e3o em 1\u00aa inst\u00e2ncia, sendo 122 nos Tribunais Regionais e 50 nos Tribunais Superiores e informou que a procura \u201ctem se apresentado infinitamente superior \u00e0 nossa capacidade de atendimento: os canais de atendimento do \u00f3rg\u00e3o t\u00eam apresentado sobrecarga e queda em todo o pa\u00eds\u201d.<\/p>\n\n\n\n<h2>Fora das previs\u00f5es legais<\/h2>\n\n\n\n<p style=\"text-align:justify\">Segundo o \u00f3rg\u00e3o, j\u00e1 nos primeiros dias de trabalho ap\u00f3s a assinatura do acordo, a defensoria constatou que milhares de mensagens encaminhadas por e-mail, WhatsApp e telefone n\u00e3o estavam de acordo com as previs\u00f5es legais para o recebimento do benef\u00edcio, nem estavam em previs\u00f5es para instaura\u00e7\u00e3o do processo de assist\u00eancia jur\u00eddica (PAJ).&nbsp;<\/p>\n\n\n\n<p style=\"text-align:justify\">\u201cO n\u00famero excessivo de pedidos inconsistentes compromete o atendimento aos cidad\u00e3os que de fato t\u00eam o direito e precisam urgentemente do aux\u00edlio emergencial. Por isso, a DPU precisou adotar ferramentas para limitar e qualificar a presta\u00e7\u00e3o do servi\u00e7o de assist\u00eancia jur\u00eddica\u201d, diz a nota.<\/p>\n\n\n\n<p style=\"text-align:justify\">Segundo a nota, a DPU \u00e9 institui\u00e7\u00e3o aut\u00f4noma, com previs\u00e3o constitucional, e n\u00e3o faz parte do governo federal. \u201cA miss\u00e3o do \u00f3rg\u00e3o \u00e9 defender o cidad\u00e3o de baixa renda, aquele que n\u00e3o tem condi\u00e7\u00f5es de pagar os servi\u00e7os de um advogado\u201d.<\/p>\n\n\n\n<p style=\"text-align:justify\">Conforme a DPU, em todo o ano de 2019, foram contabilizados, em todos os tipos de atua\u00e7\u00e3o, 1,8 milh\u00e3o de atendimentos e at\u00e9 a assinatura do acordo, tinham sido abertos cerca de 20 mil processos de assist\u00eancia jur\u00eddica sobre o aux\u00edlio emergencial<\/p>\n\n\n\n<p style=\"text-align:justify\">\u201cMesmo com todas as limita\u00e7\u00f5es da DPU (de pessoal, or\u00e7ament\u00e1ria etc.), atuaremos, como sempre atuamos, dentro do poss\u00edvel e de nossa capacidade de demanda, para prestar a melhor aten\u00e7\u00e3o e assist\u00eancia jur\u00eddica \u00e0s pessoas necessitadas\u201d, diz a institui\u00e7\u00e3o.<\/p>\n\n\n\n<h2>Alternativas<\/h2>\n\n\n\n<p style=\"text-align:justify\">O Minist\u00e9rio da Cidadania anunciou que est\u00e1 desenvolvendo uma plataforma que ficar\u00e1 dispon\u00edvel no aplicativo do aux\u00edlio emergencial e que permitir\u00e1 a contesta\u00e7\u00e3o do indeferimento diretamente pelo pr\u00f3prio cidad\u00e3o.&nbsp;<\/p>\n\n\n\n<p style=\"text-align:justify\">Quem tiver interesse tamb\u00e9m pode procurar diretamente a se\u00e7\u00e3o ou subse\u00e7\u00e3o da Justi\u00e7a Federal que atende ao seu munic\u00edpio para dar entrada no pedido.<\/p>\n\n\n\n<p><em>* Com informa\u00e7\u00f5es da DPU<\/em><br>&nbsp;<\/p>\n\n\n\n<p>Edi\u00e7\u00e3o: F\u00e1bio Massalli<\/p>\n\n\n\n<p><strong>Fonte: Ag\u00eancia Brasil<\/strong><\/p>\n","protected":false},"excerpt":{"rendered":"<p>\u00a9 Marcello Casal JrAg\u00eancia Brasil A Defensoria P\u00fablica da Uni\u00e3o (DPU) divulgou nesta sexta-feira (26) um esclarecimento sobre o Acordo de Coopera\u00e7\u00e3o T\u00e9cnica firmado com o Minist\u00e9rio da Cidadania e afirmou que, na impossibilidade de atender a todos que precisam, tem adotado medidas para priorizar quem precisa.&nbsp; \u201cDiversos defensores p\u00fablicos federais, independentemente de of\u00edcio original [&hellip;]<\/p>\n","protected":false},"author":1,"featured_media":9357,"comment_status":"open","ping_status":"open","sticky":false,"template":"","format":"standard","meta":{"beyondwords_generate_audio":"","beyondwords_project_id":"","beyondwords_podcast_id":"","beyondwords_hash":"","beyondwords_error_message":"","beyondwords_disabled":"","publish_post_to_speechkit":"","speechkit_generate_audio":"","speechkit_project_id":"","speechkit_podcast_id":"","speechkit_hash":"","speechkit_error_message":"","speechkit_disabled":"","speechkit_access_key":"","speechkit_error":"","speechkit_info":"","speechkit_response":"","speechkit_retries":"","_speechkit_link":"","_speechkit_text":""},"categories":[516],"tags":[2329,3489,3490],"jetpack_featured_media_url":"","_links":{"self":[{"href":"https:\/\/pinews.com.br\/index.php\/wp-json\/wp\/v2\/posts\/9356"}],"collection":[{"href":"https:\/\/pinews.com.br\/index.php\/wp-json\/wp\/v2\/posts"}],"about":[{"href":"https:\/\/pinews.com.br\/index.php\/wp-json\/wp\/v2\/types\/post"}],"author":[{"embeddable":true,"href":"https:\/\/pinews.com.br\/index.php\/wp-json\/wp\/v2\/users\/1"}],"replies":[{"embeddable":true,"href":"https:\/\/pinews.com.br\/index.php\/wp-json\/wp\/v2\/comments?post=9356"}],"version-history":[{"count":0,"href":"https:\/\/pinews.com.br\/index.php\/wp-json\/wp\/v2\/posts\/9356\/revisions"}],"wp:featuredmedia":[{"embeddable":true,"href":"https:\/\/pinews.com.br\/index.php\/wp-json\/"}],"wp:attachment":[{"href":"https:\/\/pinews.com.br\/index.php\/wp-json\/wp\/v2\/media?parent=9356"}],"wp:term":[{"taxonomy":"category","embeddable":true,"href":"https:\/\/pinews.com.br\/index.php\/wp-json\/wp\/v2\/categories?post=9356"},{"taxonomy":"post_tag","embeddable":true,"href":"https:\/\/pinews.com.br\/index.php\/wp-json\/wp\/v2\/tags?post=9356"}],"curies":[{"name":"wp","href":"https:\/\/api.w.org\/{rel}","templated":true}]}}