{"id":9385,"date":"2020-06-27T12:26:22","date_gmt":"2020-06-27T15:26:22","guid":{"rendered":"https:\/\/pinews.com.br\/?p=9385"},"modified":"2020-06-27T12:26:22","modified_gmt":"2020-06-27T15:26:22","slug":"jovem-cabeleireiro-morre-em-grave-acidente-envolvendo-uma-cacamba-no-piaui","status":"publish","type":"post","link":"https:\/\/pinews.com.br\/index.php\/2020\/06\/27\/jovem-cabeleireiro-morre-em-grave-acidente-envolvendo-uma-cacamba-no-piaui\/","title":{"rendered":"Jovem cabeleireiro morre em grave acidente envolvendo uma ca\u00e7amba no Piau\u00ed"},"content":{"rendered":"\n<p><em>Foto: Reprodu\u00e7\u00e3o <\/em><\/p>\n\n\n\n<p style=\"text-align:justify\">Um jovem, identificado como Fernando Veloso, morreu em um acidente de tr\u00e2nsito ocorrido no in\u00edcio da noite desta sexta-feira (26), na localidade Mangabeira, zona rural de Jardim do Mulato. O acidente foi entre uma motocicleta e um ve\u00edculo de carga.<\/p>\n\n\n\n<p style=\"text-align:justify\">Segundo informa\u00e7\u00f5es, o acidente aconteceu na estrada da Mangabeira. Os dois ve\u00edculos seguiam no mesmo sentido, quando Fernando, que estava na motocicleta logo atr\u00e1s do outro ve\u00edculo, teria tentado fazer uma ultrapassagem, mas devido a grande quantidade de poeira ter atrapalhado a visibilidade, ele acabou se chocando na traseira da ca\u00e7amba.<\/p>\n\n\n\n<p style=\"text-align:justify\">Fernando foi socorrido ainda com vida e levado para o hospital de Regenera\u00e7\u00e3o, mas n\u00e3o resistiu e veio a \u00f3bito.<\/p>\n\n\n\n<p style=\"text-align:justify\">Testemunhas relataram que o motorista da ca\u00e7amba prestou socorro. Fernando era cabeleireiro e residia na localidade Mangabal.<\/p>\n\n\n\n<p><strong>Fonte: Canal 121<\/strong><\/p>\n","protected":false},"excerpt":{"rendered":"<p>Foto: Reprodu\u00e7\u00e3o Um jovem, identificado como Fernando Veloso, morreu em um acidente de tr\u00e2nsito ocorrido no in\u00edcio da noite desta sexta-feira (26), na localidade Mangabeira, zona rural de Jardim do Mulato. O acidente foi entre uma motocicleta e um ve\u00edculo de carga. Segundo informa\u00e7\u00f5es, o acidente aconteceu na estrada da Mangabeira. Os dois ve\u00edculos seguiam [&hellip;]<\/p>\n","protected":false},"author":1,"featured_media":9386,"comment_status":"open","ping_status":"open","sticky":false,"template":"","format":"standard","meta":{"beyondwords_generate_audio":"","beyondwords_project_id":"","beyondwords_podcast_id":"","beyondwords_hash":"","beyondwords_error_message":"","beyondwords_disabled":"","publish_post_to_speechkit":"","speechkit_generate_audio":"","speechkit_project_id":"","speechkit_podcast_id":"","speechkit_hash":"","speechkit_error_message":"","speechkit_disabled":"","speechkit_access_key":"","speechkit_error":"","speechkit_info":"","speechkit_response":"","speechkit_retries":"","_speechkit_link":"","_speechkit_text":""},"categories":[51],"tags":[54,3501,179,52],"jetpack_featured_media_url":"","_links":{"self":[{"href":"https:\/\/pinews.com.br\/index.php\/wp-json\/wp\/v2\/posts\/9385"}],"collection":[{"href":"https:\/\/pinews.com.br\/index.php\/wp-json\/wp\/v2\/posts"}],"about":[{"href":"https:\/\/pinews.com.br\/index.php\/wp-json\/wp\/v2\/types\/post"}],"author":[{"embeddable":true,"href":"https:\/\/pinews.com.br\/index.php\/wp-json\/wp\/v2\/users\/1"}],"replies":[{"embeddable":true,"href":"https:\/\/pinews.com.br\/index.php\/wp-json\/wp\/v2\/comments?post=9385"}],"version-history":[{"count":0,"href":"https:\/\/pinews.com.br\/index.php\/wp-json\/wp\/v2\/posts\/9385\/revisions"}],"wp:featuredmedia":[{"embeddable":true,"href":"https:\/\/pinews.com.br\/index.php\/wp-json\/"}],"wp:attachment":[{"href":"https:\/\/pinews.com.br\/index.php\/wp-json\/wp\/v2\/media?parent=9385"}],"wp:term":[{"taxonomy":"category","embeddable":true,"href":"https:\/\/pinews.com.br\/index.php\/wp-json\/wp\/v2\/categories?post=9385"},{"taxonomy":"post_tag","embeddable":true,"href":"https:\/\/pinews.com.br\/index.php\/wp-json\/wp\/v2\/tags?post=9385"}],"curies":[{"name":"wp","href":"https:\/\/api.w.org\/{rel}","templated":true}]}}