{"id":9493,"date":"2020-06-30T13:28:02","date_gmt":"2020-06-30T16:28:02","guid":{"rendered":"https:\/\/pinews.com.br\/?p=9493"},"modified":"2020-06-30T13:28:02","modified_gmt":"2020-06-30T16:28:02","slug":"paulo-guedes-confirma-mais-duas-parcelas-de-r-600-do-auxilio-emergencia","status":"publish","type":"post","link":"https:\/\/pinews.com.br\/index.php\/2020\/06\/30\/paulo-guedes-confirma-mais-duas-parcelas-de-r-600-do-auxilio-emergencia\/","title":{"rendered":"Paulo Guedes confirma mais duas parcelas de R$ 600 do aux\u00edlio emergencial"},"content":{"rendered":"\n<p><em>Foto: Reprodu\u00e7\u00e3o <\/em><\/p>\n\n\n\n<p style=\"text-align:justify\">O ministro da Economia, Paulo Guedes, confirmou \u00e0&nbsp;CNN&nbsp;na manh\u00e3 desta ter\u00e7a-feira (30) que o governo federal vai prorrogar o aux\u00edlio emergencial em mais duas parcelas de R$ 600 cada.<\/p>\n\n\n\n<p style=\"text-align:justify\">O an\u00fancio oficial deve ser feito em cerim\u00f4nia no Pal\u00e1cio do Planalto prevista para as 16h de hoje, com a presen\u00e7a do chefe da equipe econ\u00f4mica e do presidente Jair Bolsonaro.<\/p>\n\n\n\n<p style=\"text-align:justify\">O montante de cada nova parcela \u00e9 o mesmo pago pelo governo nas tr\u00eas parcelas iniciais do benef\u00edcio. Por esse motivo, n\u00e3o ser\u00e1 preciso aprovar uma nova lei no Congresso \u2013 bastar\u00e1 um decreto presidencial prorrogando.<\/p>\n\n\n\n<p style=\"text-align:justify\">Cada nova parcela ter\u00e1 impacto de R$ 50 bilh\u00f5es nas contas p\u00fablicas. Pelos c\u00e1lculos do Tesouro, as duas juntas elevar\u00e3o o d\u00e9ficit p\u00fablico de 2020 em 1,5 ponto porcentual, para 11,5% do PIB.<\/p>\n\n\n\n<p style=\"text-align:justify\">A prorroga\u00e7\u00e3o do aux\u00edlio, apelidado de \u201ccoronavoucher\u201d, em duas parcelas de R$ 600 vai ao encontro do que defendia o presidente da C\u00e2mara, Rodrigo Maia (DEM-RJ).<\/p>\n\n\n\n<p style=\"text-align:justify\">Bolsonaro chegou a anunciar que prorrogaria o benef\u00edcio em tr\u00eas parcelas decrescentes de R$ 500, R$ 400 e R$ 300, mas acabou desistindo ap\u00f3s resist\u00eancia de Maia e outros parlamentares.<\/p>\n\n\n\n<p><strong>Fonte: CNN<\/strong><\/p>\n","protected":false},"excerpt":{"rendered":"<p>Foto: Reprodu\u00e7\u00e3o O ministro da Economia, Paulo Guedes, confirmou \u00e0&nbsp;CNN&nbsp;na manh\u00e3 desta ter\u00e7a-feira (30) que o governo federal vai prorrogar o aux\u00edlio emergencial em mais duas parcelas de R$ 600 cada. O an\u00fancio oficial deve ser feito em cerim\u00f4nia no Pal\u00e1cio do Planalto prevista para as 16h de hoje, com a presen\u00e7a do chefe da [&hellip;]<\/p>\n","protected":false},"author":1,"featured_media":9494,"comment_status":"open","ping_status":"open","sticky":false,"template":"","format":"standard","meta":{"beyondwords_generate_audio":"","beyondwords_project_id":"","beyondwords_podcast_id":"","beyondwords_hash":"","beyondwords_error_message":"","beyondwords_disabled":"","publish_post_to_speechkit":"","speechkit_generate_audio":"","speechkit_project_id":"","speechkit_podcast_id":"","speechkit_hash":"","speechkit_error_message":"","speechkit_disabled":"","speechkit_access_key":"","speechkit_error":"","speechkit_info":"","speechkit_response":"","speechkit_retries":"","_speechkit_link":"","_speechkit_text":""},"categories":[516,134],"tags":[2329,3553,3554,3555],"jetpack_featured_media_url":"","_links":{"self":[{"href":"https:\/\/pinews.com.br\/index.php\/wp-json\/wp\/v2\/posts\/9493"}],"collection":[{"href":"https:\/\/pinews.com.br\/index.php\/wp-json\/wp\/v2\/posts"}],"about":[{"href":"https:\/\/pinews.com.br\/index.php\/wp-json\/wp\/v2\/types\/post"}],"author":[{"embeddable":true,"href":"https:\/\/pinews.com.br\/index.php\/wp-json\/wp\/v2\/users\/1"}],"replies":[{"embeddable":true,"href":"https:\/\/pinews.com.br\/index.php\/wp-json\/wp\/v2\/comments?post=9493"}],"version-history":[{"count":0,"href":"https:\/\/pinews.com.br\/index.php\/wp-json\/wp\/v2\/posts\/9493\/revisions"}],"wp:featuredmedia":[{"embeddable":true,"href":"https:\/\/pinews.com.br\/index.php\/wp-json\/"}],"wp:attachment":[{"href":"https:\/\/pinews.com.br\/index.php\/wp-json\/wp\/v2\/media?parent=9493"}],"wp:term":[{"taxonomy":"category","embeddable":true,"href":"https:\/\/pinews.com.br\/index.php\/wp-json\/wp\/v2\/categories?post=9493"},{"taxonomy":"post_tag","embeddable":true,"href":"https:\/\/pinews.com.br\/index.php\/wp-json\/wp\/v2\/tags?post=9493"}],"curies":[{"name":"wp","href":"https:\/\/api.w.org\/{rel}","templated":true}]}}