{"id":967,"date":"2019-08-04T09:58:33","date_gmt":"2019-08-04T12:58:33","guid":{"rendered":"https:\/\/pinews.com.br\/?p=967"},"modified":"2019-08-04T09:58:33","modified_gmt":"2019-08-04T12:58:33","slug":"presidente-nacional-do-psc-cumpre-agenda-no-piaui","status":"publish","type":"post","link":"https:\/\/pinews.com.br\/index.php\/2019\/08\/04\/presidente-nacional-do-psc-cumpre-agenda-no-piaui\/","title":{"rendered":"Presidente nacional do PSC cumpre agenda no Piau\u00ed"},"content":{"rendered":"\n<p>Por <strong>Breno Luis<\/strong> &#8211; 04 de agosto de 2019<\/p>\n\n\n\n<figure class=\"wp-block-image is-resized\"><img decoding=\"async\" loading=\"lazy\" src=\"https:\/\/cidadeverde.com\/assets\/uploads\/noticias\/33e15da0d35dc359d9a2d85bf6c8cba7.jpg\" alt=\"\" width=\"925\" height=\"616\"\/><figcaption> Foto: Divulga\u00e7\u00e3o PSC <\/figcaption><\/figure>\n\n\n\n<p style=\"text-align:justify\">O presidente Nacional do Partido Social Crist\u00e3o (PSC), pastor Everaldo Pereira, visitou o Piau\u00ed neste s\u00e1bado(03) com vistas a ampliar a sigla para as elei\u00e7\u00f5es de 2020.<\/p>\n\n\n\n<p style=\"text-align:justify\">No estado, ele cumpriu agenda em Teresina e no interior e deu &#8220;carta branca&#8221; ao jurista Valter Alencar para articular sua candidatura \u00e0 prefeitura de Teresina.<\/p>\n\n\n\n<p style=\"text-align:justify\">&#8220;O Valter ter\u00e1 o apoio incondicional do PSC para 2020 e no que depender do partido estaremos o apoiando em uma campanha limpa e organizada&#8221;, disse o presidente.<\/p>\n\n\n\n<p style=\"text-align:justify\">Na cidade de Piripiri, a 157 km de Teresina, os dirigentes do partido lan\u00e7aram a nova executiva municipal encabe\u00e7ada pelo vereador e secret\u00e1rio de Meio Ambiente do munic\u00edpio, Lu\u00eds Carlos, com cerca de 20 candidatos e demais filiados.<\/p>\n\n\n\n<figure class=\"wp-block-image is-resized\"><img decoding=\"async\" loading=\"lazy\" src=\"https:\/\/cidadeverde.com\/assets\/uploads\/noticias\/064c195906af7809896f36eca11ab9c8.jpg\" alt=\"\" width=\"1044\" height=\"696\"\/><figcaption> Foto: Divulga\u00e7\u00e3o PSC <\/figcaption><\/figure>\n\n\n\n<p><strong>Fonte: Cidade Verde<\/strong><\/p>\n","protected":false},"excerpt":{"rendered":"<p>Por Breno Luis &#8211; 04 de agosto de 2019 O presidente Nacional do Partido Social Crist\u00e3o (PSC), pastor Everaldo Pereira, visitou o Piau\u00ed neste s\u00e1bado(03) com vistas a ampliar a sigla para as elei\u00e7\u00f5es de 2020. No estado, ele cumpriu agenda em Teresina e no interior e deu &#8220;carta branca&#8221; ao jurista Valter Alencar para [&hellip;]<\/p>\n","protected":false},"author":1,"featured_media":968,"comment_status":"open","ping_status":"open","sticky":false,"template":"","format":"standard","meta":{"beyondwords_generate_audio":"","beyondwords_project_id":"","beyondwords_podcast_id":"","beyondwords_hash":"","beyondwords_error_message":"","beyondwords_disabled":"","publish_post_to_speechkit":"","speechkit_generate_audio":"","speechkit_project_id":"","speechkit_podcast_id":"","speechkit_hash":"","speechkit_error_message":"","speechkit_disabled":"","speechkit_access_key":"","speechkit_error":"","speechkit_info":"","speechkit_response":"","speechkit_retries":"","_speechkit_link":"","_speechkit_text":""},"categories":[1184,51,1201],"tags":[52,1411],"jetpack_featured_media_url":"","_links":{"self":[{"href":"https:\/\/pinews.com.br\/index.php\/wp-json\/wp\/v2\/posts\/967"}],"collection":[{"href":"https:\/\/pinews.com.br\/index.php\/wp-json\/wp\/v2\/posts"}],"about":[{"href":"https:\/\/pinews.com.br\/index.php\/wp-json\/wp\/v2\/types\/post"}],"author":[{"embeddable":true,"href":"https:\/\/pinews.com.br\/index.php\/wp-json\/wp\/v2\/users\/1"}],"replies":[{"embeddable":true,"href":"https:\/\/pinews.com.br\/index.php\/wp-json\/wp\/v2\/comments?post=967"}],"version-history":[{"count":0,"href":"https:\/\/pinews.com.br\/index.php\/wp-json\/wp\/v2\/posts\/967\/revisions"}],"wp:featuredmedia":[{"embeddable":true,"href":"https:\/\/pinews.com.br\/index.php\/wp-json\/"}],"wp:attachment":[{"href":"https:\/\/pinews.com.br\/index.php\/wp-json\/wp\/v2\/media?parent=967"}],"wp:term":[{"taxonomy":"category","embeddable":true,"href":"https:\/\/pinews.com.br\/index.php\/wp-json\/wp\/v2\/categories?post=967"},{"taxonomy":"post_tag","embeddable":true,"href":"https:\/\/pinews.com.br\/index.php\/wp-json\/wp\/v2\/tags?post=967"}],"curies":[{"name":"wp","href":"https:\/\/api.w.org\/{rel}","templated":true}]}}