{"id":978,"date":"2019-08-05T08:15:06","date_gmt":"2019-08-05T11:15:06","guid":{"rendered":"https:\/\/pinews.com.br\/?p=978"},"modified":"2019-08-05T08:15:06","modified_gmt":"2019-08-05T11:15:06","slug":"foragido-de-penitenciaria-e-assassinado-com-tiro-na-cabeca-no-piaui","status":"publish","type":"post","link":"https:\/\/pinews.com.br\/index.php\/2019\/08\/05\/foragido-de-penitenciaria-e-assassinado-com-tiro-na-cabeca-no-piaui\/","title":{"rendered":"Foragido de penitenci\u00e1ria \u00e9 assassinado com tiro na cabe\u00e7a no Piau\u00ed"},"content":{"rendered":"\n<p>Por<strong> Breno Luis <\/strong>&#8211; 05 de agosto de 2019<\/p>\n\n\n\n<figure class=\"wp-block-image\"><img decoding=\"async\" src=\"https:\/\/s2.glbimg.com\/ZIpC1gP7QTqrGe3n3MFRsHvoQXs=\/0x0:1280x853\/984x0\/smart\/filters:strip_icc()\/i.s3.glbimg.com\/v1\/AUTH_59edd422c0c84a879bd37670ae4f538a\/internal_photos\/bs\/2018\/y\/8\/nlfhVaQX6EpcepmQJHpg\/whatsapp-image-2018-08-20-at-11.59.17.jpeg\" alt=\"Departamento de Homic\u00eddios e Prote\u00e7\u00e3o \u00e0 Pessoa investiga o caso. \u2014 Foto: G1 PI\"\/><figcaption> Departamento de Homic\u00eddios e Prote\u00e7\u00e3o \u00e0 Pessoa investiga o caso. \u2014 Foto: G1 PI <\/figcaption><\/figure>\n\n\n\n<p style=\"text-align:justify\">Um homem foi assassinado com um tiro na cabe\u00e7a durante a madrugada de domingo (4), na Zona Sudeste de Teresina. Segundo a Pol\u00edcia Militar, a v\u00edtima foi identificada como Amauri da Cunha Abreu, de 23 anos, conhecido como &#8220;Nen\u00e9m&#8221;. Ele respondia a processos por roubo e recepta\u00e7\u00e3o de produto roubado.<\/p>\n\n\n\n<p style=\"text-align:justify\">De acordo com a Pol\u00edcia Militar, o crime aconteceu por volta das 2h da madrugada, em uma rua do Conjunto Manoel Evangelista bairro Novo Horizonte. Segundo informa\u00e7\u00f5es obtidas pela PM, quatro tiros teriam sido disparados contra a v\u00edtima, mas apenas um o atingiu, na regi\u00e3o da cabe\u00e7a. O rapaz teve morte imediata.<\/p>\n\n\n\n<p style=\"text-align:justify\">Ainda segundo informa\u00e7\u00f5es da Pol\u00edcia Militar, Amauri era considerado foragido da penitenci\u00e1ria Major C\u00e9sar. A PM foi acionada, e isolou o local do crime para o trabalho preliminar dos policiais do Departamento de Homic\u00eddios e Prote\u00e7\u00e3o \u00e0 Pessoa. Nenhum suspeito foi identificado.<\/p>\n\n\n\n<p><strong>Fonte: G1 Piau\u00ed<\/strong><\/p>\n","protected":false},"excerpt":{"rendered":"<p>Por Breno Luis &#8211; 05 de agosto de 2019 Um homem foi assassinado com um tiro na cabe\u00e7a durante a madrugada de domingo (4), na Zona Sudeste de Teresina. Segundo a Pol\u00edcia Militar, a v\u00edtima foi identificada como Amauri da Cunha Abreu, de 23 anos, conhecido como &#8220;Nen\u00e9m&#8221;. Ele respondia a processos por roubo e [&hellip;]<\/p>\n","protected":false},"author":1,"featured_media":829,"comment_status":"open","ping_status":"open","sticky":false,"template":"","format":"standard","meta":{"beyondwords_generate_audio":"","beyondwords_project_id":"","beyondwords_podcast_id":"","beyondwords_hash":"","beyondwords_error_message":"","beyondwords_disabled":"","publish_post_to_speechkit":"","speechkit_generate_audio":"","speechkit_project_id":"","speechkit_podcast_id":"","speechkit_hash":"","speechkit_error_message":"","speechkit_disabled":"","speechkit_access_key":"","speechkit_error":"","speechkit_info":"","speechkit_response":"","speechkit_retries":"","_speechkit_link":"","_speechkit_text":""},"categories":[1184,51],"tags":[364,1413,52,1414],"jetpack_featured_media_url":"","_links":{"self":[{"href":"https:\/\/pinews.com.br\/index.php\/wp-json\/wp\/v2\/posts\/978"}],"collection":[{"href":"https:\/\/pinews.com.br\/index.php\/wp-json\/wp\/v2\/posts"}],"about":[{"href":"https:\/\/pinews.com.br\/index.php\/wp-json\/wp\/v2\/types\/post"}],"author":[{"embeddable":true,"href":"https:\/\/pinews.com.br\/index.php\/wp-json\/wp\/v2\/users\/1"}],"replies":[{"embeddable":true,"href":"https:\/\/pinews.com.br\/index.php\/wp-json\/wp\/v2\/comments?post=978"}],"version-history":[{"count":0,"href":"https:\/\/pinews.com.br\/index.php\/wp-json\/wp\/v2\/posts\/978\/revisions"}],"wp:featuredmedia":[{"embeddable":true,"href":"https:\/\/pinews.com.br\/index.php\/wp-json\/"}],"wp:attachment":[{"href":"https:\/\/pinews.com.br\/index.php\/wp-json\/wp\/v2\/media?parent=978"}],"wp:term":[{"taxonomy":"category","embeddable":true,"href":"https:\/\/pinews.com.br\/index.php\/wp-json\/wp\/v2\/categories?post=978"},{"taxonomy":"post_tag","embeddable":true,"href":"https:\/\/pinews.com.br\/index.php\/wp-json\/wp\/v2\/tags?post=978"}],"curies":[{"name":"wp","href":"https:\/\/api.w.org\/{rel}","templated":true}]}}