{"id":9845,"date":"2020-07-08T12:00:46","date_gmt":"2020-07-08T15:00:46","guid":{"rendered":"https:\/\/pinews.com.br\/?p=9845"},"modified":"2020-07-08T12:00:46","modified_gmt":"2020-07-08T15:00:46","slug":"governador-divulga-calendario-detalhado-de-reabertura-ate-setembro-confira-datas","status":"publish","type":"post","link":"https:\/\/pinews.com.br\/index.php\/2020\/07\/08\/governador-divulga-calendario-detalhado-de-reabertura-ate-setembro-confira-datas\/","title":{"rendered":"Governador divulga calend\u00e1rio detalhado de reabertura at\u00e9 setembro; confira datas"},"content":{"rendered":"\n<p>O governador Wellington Dias (PT) publicou na noite desta ter\u00e7a (7) o decreto com o cronograma detalhado para a retomada de todas as atividades econ\u00f4micas no estado.&nbsp;<\/p>\n\n\n\n<p><strong><a href=\"https:\/\/cidadeverde.com\/assets\/uploads\/files\/provale_1594208936.pdf\" target=\"_blank\" rel=\"noreferrer noopener\">Veja todo cronograma aqui<\/a><\/strong><\/p>\n\n\n\n<p>O governo iniciou a flexibiliza\u00e7\u00e3o com a constru\u00e7\u00e3o civil (toda a cadeia), parte da ind\u00fastria e setores de sa\u00fade.<\/p>\n\n\n\n<p><strong><a href=\"https:\/\/cidadeverde.com\/assets\/uploads\/files\/decretopropiaui_1594209209.pdf\" target=\"_blank\" rel=\"noreferrer noopener\">Confira decreto do governador<\/a><\/strong><\/p>\n\n\n\n<blockquote class=\"wp-block-quote\"><p><strong>Dia 13\/07<\/strong><\/p><p>Setores da ind\u00fastria e do com\u00e9rcio ligados a alimentos, bebidas, fumo, agricultura, pecu\u00e1ria e florestal;<\/p><p><strong>Dia 20\/07<\/strong><\/p><p>Ind\u00fastria e com\u00e9rcio ligados a qu\u00edmico, m\u00e9dico e farmac\u00eautico. Com\u00e9rcio e fabrica\u00e7\u00e3o de m\u00f3veis e eletrodom\u00e9sticos;<\/p><p><strong>Dia 27\/07<\/strong><\/p><p>F\u00e1bricas e com\u00e9rcios t\u00eaxteis\/vestu\u00e1rios\/cal\u00e7ados e acess\u00f3rios pessoais. Nesta data autoriza a realiza\u00e7\u00e3o de missas e cultos em igrejas e templos religiosos.<\/p><p><strong>Agosto<\/strong><\/p><p><strong>Dia &#8211; 10\/08<\/strong><\/p><p>Autoriza o funcionamento presencial da administra\u00e7\u00e3o p\u00fablica, defesa e seguridade social, atividades financeiras, de seguros e servi\u00e7os relacionados. Reabertura dos sal\u00f5es de beleza e ag\u00eancias de viagens;<\/p><p><strong>Dia &#8211; 24\/08<\/strong><\/p><p>Reabertura de hot\u00e9is e similares e atividades presenciais de associa\u00e7\u00f5es, sindicatos e entidades;<\/p><p><strong>Setembro<\/strong><\/p><p><strong>Dia &#8211; 08\/09<\/strong><\/p><p>Reabertura das atividades culturais, esportivas, recrea\u00e7\u00e3o (cinemas, teatros, parques, museus, biblioteca, zool\u00f3gicos;<\/p><p><strong>Dia &#8211; 22\/09<\/strong><\/p><p>Atividades educacionais &#8211; creche, pr\u00e9-escola, ensino fundamental, m\u00e9dio, superior e outras atividades de educa\u00e7\u00e3o.&nbsp;<\/p><\/blockquote>\n\n\n\n<p>A publica\u00e7\u00e3o estabelece a flexibiliza\u00e7\u00e3o das medidas de isolamento e de restri\u00e7\u00e3o das atividades e refor\u00e7a que todo o processo se dar\u00e1 de forma gradual e segmentada. No decreto, fica tamb\u00e9m registrado que, em caso de crescimento da transmissibilidade da doen\u00e7a ou aumento da taxa de ocupa\u00e7\u00e3o de leitos de UTI, o Governo poder\u00e1 rever a flexibiliza\u00e7\u00e3o e adotar medidas mais rigorosas.&nbsp;<\/p>\n\n\n\n<p>\u201cEstamos apresentando um cronograma de v\u00e1rias etapas para a retomada de todas as atividades econ\u00f4micas no estado, mas isso n\u00e3o significa que a pandemia e o isolamento acabaram. Na verdade, agora temos que ter mais cuidado e prud\u00eancia para n\u00e3o jogar todo o trabalho que foi feito at\u00e9 agora por \u00e1gua a baixo. \u00c9 de extrema import\u00e2ncia que a popula\u00e7\u00e3o colabore para que n\u00e3o sejamos obrigados a dar um passo atr\u00e1s. A seguran\u00e7a dessa retomada depende da atitude de cada um. Ningu\u00e9m deve sair de casa se n\u00e3o for necess\u00e1rio. O isolamento continua\u201d, alertou.&nbsp;<\/p>\n\n\n\n<p>No cronograma, o fluxo de flexibiliza\u00e7\u00e3o considera tr\u00eas classifica\u00e7\u00f5es conforme o impacto econ\u00f4mico e depender\u00e1 do risco epidemiol\u00f3gico avaliado por regi\u00f5es assistenciais de sa\u00fade. Ressalta-se que, em caso de crescimento da transmissibilidade da doen\u00e7a ou aumento da taxa de ocupa\u00e7\u00e3o de leitos de UTI, poder\u00e1 ocorrer a regress\u00e3o da flexibiliza\u00e7\u00e3o para n\u00edveis mais rigorosos, nos quais sejam permitidas apenas as atividades essenciais.<\/p>\n\n\n\n<p>\u201cCada ponto desse fluxo de flexibiliza\u00e7\u00e3o ser\u00e1 analisado semanalmente para que qualquer sinal de piora no cen\u00e1rio, possamos agir rapidamente\u201d, explicou o secret\u00e1rio estadual de Planejamento, Ant\u00f4nio Neto.&nbsp;<\/p>\n\n\n\n<figure class=\"wp-block-image\"><img decoding=\"async\" src=\"https:\/\/cidadeverde.com\/assets\/uploads\/noticias\/99d4593f8e8ca2a8988c1aabf6268643.jpg\" alt=\"\"\/><\/figure>\n\n\n\n<figure class=\"wp-block-image\"><img decoding=\"async\" src=\"https:\/\/cidadeverde.com\/assets\/uploads\/noticias\/30f4f46359e7019f8d2105873fcec27f.jpg\" alt=\"\"\/><\/figure>\n\n\n\n<figure class=\"wp-block-image\"><img decoding=\"async\" src=\"https:\/\/cidadeverde.com\/assets\/uploads\/noticias\/bdadf26cdc2836e7a7be873a2ec6d7a9.jpg\" alt=\"\"\/><\/figure>\n\n\n\n<figure class=\"wp-block-image\"><img decoding=\"async\" src=\"https:\/\/cidadeverde.com\/assets\/uploads\/noticias\/e3e4a7c2c0f848bb7ca8b02e638b0736.jpg\" alt=\"\"\/><\/figure>\n\n\n\n<figure class=\"wp-block-image\"><img decoding=\"async\" src=\"https:\/\/cidadeverde.com\/assets\/uploads\/noticias\/b4505d55ce609a1e88324a238a7d9681.jpg\" alt=\"\"\/><\/figure>\n\n\n\n<figure class=\"wp-block-image\"><img decoding=\"async\" src=\"https:\/\/cidadeverde.com\/assets\/uploads\/noticias\/fd29032eca1b83fa4b941cccfe961a4b.jpg\" alt=\"\"\/><\/figure>\n\n\n\n<p>&#8211; No grupo I, est\u00e3o alocadas as atividades consideradas de alto impacto e suas atividades correlatas: ind\u00fastria de transforma\u00e7\u00e3o e extrativa, constru\u00e7\u00e3o civil, com\u00e9rcio, agricultura, pecu\u00e1ria e produ\u00e7\u00e3o florestal. Foram acrescidas as atividades de sa\u00fade humana e animal dada sua relev\u00e2ncia para a sociedade.<\/p>\n\n\n\n<p>&#8211; No grupo II, as atividades de m\u00e9dio impacto econ\u00f4mico, como: administra\u00e7\u00e3o p\u00fablica, defesa e seguridade social, atividades administrativas e servi\u00e7os complementares, Informa\u00e7\u00e3o e comunica\u00e7\u00e3o, atividades de servi\u00e7os pessoais, alojamento e outras atividades de servi\u00e7o.<\/p>\n\n\n\n<p>&#8211; No grupo III, por sua vez, contempla as atividades econ\u00f4micas de baixo impacto tais como: artes, cultura, esporte e recrea\u00e7\u00e3o, servi\u00e7os dom\u00e9sticos. As atividades de educa\u00e7\u00e3o foram acrescidas ao grupo III pois propiciam a propaga\u00e7\u00e3o da doen\u00e7a.<\/p>\n\n\n\n<p>Cada nova libera\u00e7\u00e3o ocorrer\u00e1 a cada 15 dias at\u00e9 setembro, com a \u00faltima etapa.<\/p>\n\n\n\n<p>\u201cIsso tudo se cumprir\u00e1 se tivermos cada um cumprindo a sua parte. Permanecem as regras de isolamento, a sa\u00edda \u00e9 gradativa e o pr\u00eamio a cada semana depende do que acontecer. Se tiver baixa do isolamento, crescer os doentes e a transmissibilidade, teremos que voltar atr\u00e1s\u201d afirmou o governador.&nbsp;<\/p>\n\n\n\n<p>Segundo o governo, para o sucesso do Pacto \u00e9 extremamente importante a consci\u00eancia do empresariado no envio do Plano de Seguran\u00e7a Sanit\u00e1ria e Conten\u00e7\u00e3o da COVID19, das evid\u00eancias do cumprimento do Plano e o preenchimento do formul\u00e1rio sobre sa\u00fade dos trabalhadores no Sistema do PRO PIAU\u00cd<a href=\"https:\/\/propiaui.pi.gov.br\/\">&nbsp;(link: http:\/\/propiaui.pi.gov.br).<\/a><\/p>\n\n\n\n<p>O envio do Plano e das suas evid\u00eancias e a alimenta\u00e7\u00e3o cont\u00ednua do Sistema com as informa\u00e7\u00f5es das condi\u00e7\u00f5es de sa\u00fade dos trabalhadores, s\u00e3o pr\u00e9-requisitos para as garantias de seguran\u00e7a sanit\u00e1ria proposta, possibilitando uma retomada econ\u00f4mica pautada na conten\u00e7\u00e3o da dissemina\u00e7\u00e3o do novo coronav\u00edrus.<\/p>\n\n\n\n<p>O plano aprovado pelo COE, prev\u00ea o monitoramento epidemiol\u00f3gico e sanit\u00e1rio, realizado a cada semana; retomada gradual seguindo os crit\u00e9rios de seguran\u00e7a por cadeia produtiva e controle do fluxo de pessoas em locais p\u00fablicos, ou de grande movimenta\u00e7\u00e3o.&nbsp;<\/p>\n\n\n\n<p>O calend\u00e1rio fica sujeito \u00e0 revis\u00e3o e reordenamento em caso de crescimento do n\u00edvel de cont\u00e1gio no estado, de acordo com os dados dos boletins epidemiol\u00f3gicos da Secretaria de Estado da Sa\u00fade (Sesapi). O relat\u00f3rio de monitoramento ser\u00e1 feito a cada sete dias, tendo como principal fonte as evid\u00eancias e registros de funcion\u00e1rios.&nbsp;<\/p>\n\n\n\n<p>O calend\u00e1rio de flexibiliza\u00e7\u00e3o poder\u00e1 se dar de forma regionalizada, adaptando-se \u00e0 realidade de cada territ\u00f3rio.<\/p>\n\n\n\n<p>O cronograma foi apresentado e aprovado em conjunto pelo Comit\u00ea de Opera\u00e7\u00f5es de Emerg\u00eancia (COE), que, de forma ampliada, contou com a participa\u00e7\u00e3o de membros do Minist\u00e9rio P\u00fablico, Tribunal de Justi\u00e7a, Tribunal de Contas do Estado, Assembleia Legislativa, OAB, PRF, Minist\u00e9rio P\u00fablico do Trabalho, APPM, Prefeitura de Teresina, dirigentes lojistas, autoridades em sa\u00fade, a vice-governadora, Regina Sousa, parte do secretariado, entre outros \u00f3rg\u00e3os p\u00fablicos e privados.<\/p>\n\n\n\n<p><br><strong>Fonte: Flash Yala Sena\/ Cidade Verde\/ Com informa\u00e7\u00f5es do governo <\/strong><\/p>\n","protected":false},"excerpt":{"rendered":"<p>O governador Wellington Dias (PT) publicou na noite desta ter\u00e7a (7) o decreto com o cronograma detalhado para a retomada de todas as atividades econ\u00f4micas no estado.&nbsp; Veja todo cronograma aqui O governo iniciou a flexibiliza\u00e7\u00e3o com a constru\u00e7\u00e3o civil (toda a cadeia), parte da ind\u00fastria e setores de sa\u00fade. Confira decreto do governador Dia [&hellip;]<\/p>\n","protected":false},"author":4,"featured_media":9846,"comment_status":"open","ping_status":"open","sticky":false,"template":"","format":"standard","meta":{"beyondwords_generate_audio":"","beyondwords_project_id":"","beyondwords_podcast_id":"","beyondwords_hash":"","beyondwords_error_message":"","beyondwords_disabled":"","publish_post_to_speechkit":"","speechkit_generate_audio":"","speechkit_project_id":"","speechkit_podcast_id":"","speechkit_hash":"","speechkit_error_message":"","speechkit_disabled":"","speechkit_access_key":"","speechkit_error":"","speechkit_info":"","speechkit_response":"","speechkit_retries":"","_speechkit_link":"","_speechkit_text":""},"categories":[51],"tags":[3644,3645,52,3646,3647],"jetpack_featured_media_url":"","_links":{"self":[{"href":"https:\/\/pinews.com.br\/index.php\/wp-json\/wp\/v2\/posts\/9845"}],"collection":[{"href":"https:\/\/pinews.com.br\/index.php\/wp-json\/wp\/v2\/posts"}],"about":[{"href":"https:\/\/pinews.com.br\/index.php\/wp-json\/wp\/v2\/types\/post"}],"author":[{"embeddable":true,"href":"https:\/\/pinews.com.br\/index.php\/wp-json\/wp\/v2\/users\/4"}],"replies":[{"embeddable":true,"href":"https:\/\/pinews.com.br\/index.php\/wp-json\/wp\/v2\/comments?post=9845"}],"version-history":[{"count":0,"href":"https:\/\/pinews.com.br\/index.php\/wp-json\/wp\/v2\/posts\/9845\/revisions"}],"wp:featuredmedia":[{"embeddable":true,"href":"https:\/\/pinews.com.br\/index.php\/wp-json\/"}],"wp:attachment":[{"href":"https:\/\/pinews.com.br\/index.php\/wp-json\/wp\/v2\/media?parent=9845"}],"wp:term":[{"taxonomy":"category","embeddable":true,"href":"https:\/\/pinews.com.br\/index.php\/wp-json\/wp\/v2\/categories?post=9845"},{"taxonomy":"post_tag","embeddable":true,"href":"https:\/\/pinews.com.br\/index.php\/wp-json\/wp\/v2\/tags?post=9845"}],"curies":[{"name":"wp","href":"https:\/\/api.w.org\/{rel}","templated":true}]}}