{"id":9993,"date":"2020-07-11T12:14:11","date_gmt":"2020-07-11T15:14:11","guid":{"rendered":"https:\/\/pinews.com.br\/?p=9993"},"modified":"2020-07-11T12:14:11","modified_gmt":"2020-07-11T15:14:11","slug":"servidores-publicos-de-tres-municipios-piaui-sao-alvo-de-fiscalizacao-por-recebimento-de-auxilio-emergencial","status":"publish","type":"post","link":"https:\/\/pinews.com.br\/index.php\/2020\/07\/11\/servidores-publicos-de-tres-municipios-piaui-sao-alvo-de-fiscalizacao-por-recebimento-de-auxilio-emergencial\/","title":{"rendered":"Servidores p\u00fablicos de tr\u00eas munic\u00edpios Piau\u00ed s\u00e3o alvo de fiscaliza\u00e7\u00e3o por recebimento de aux\u00edlio emergencial"},"content":{"rendered":"\n<p>Servidores p\u00fablicos das cidades de Piracuruca, S\u00e3o Jo\u00e3o da Fronteira e S\u00e3o Jos\u00e9 do Divino, no interior do Piau\u00ed, s\u00e3o alvo de fiscaliza\u00e7\u00e3o do Minist\u00e9rio P\u00fablico do Piau\u00ed (MPPI) por eventuais irregularidades no pedido e no recebimento do aux\u00edlio emergencial concedido pelo governo federal em raz\u00e3o da pandemia do novo coronav\u00edrus.<\/p>\n\n\n\n<p>O MPPI expediu recomenda\u00e7\u00e3o aos tr\u00eas munic\u00edpios, ap\u00f3s realizar Procedimento Administrativo. A a\u00e7\u00e3o \u00e9 feita por meio da 2\u00aa promotoria de Justi\u00e7a de Piracuruca, que tem como titular o promotor de Justi\u00e7a M\u00e1rcio Giorgi Carcar\u00e1 Rocha.<\/p>\n\n\n\n<p><em>\u201c<\/em>Observando a necessidade de fiscalizar a identifica\u00e7\u00e3o dos poss\u00edveis servidores beneficiados indevidamente e adotar medidas pertinentes, a a\u00e7\u00e3o tem o objetivo de melhorar os servi\u00e7os p\u00fablicos e de relev\u00e2ncia p\u00fablica, bem como aos demais interesses coletivos\u201d, escreveu o MP.<\/p>\n\n\n\n<p>O aux\u00edlio emergencial de R$ 600 reais concedidos pelo governo federal \u00e9 destinado a fam\u00edlias em vulnerabilidade social, cujos membros n\u00e3o tenham emprego formal e a renda mensal familiar per capita seja de at\u00e9 meio sal\u00e1rio-m\u00ednimo ou a renda familiar mensal total seja de at\u00e9 3 (tr\u00eas) sal\u00e1rios m\u00ednimos, conforme a lei n\u00ba 13.982, de 2 de abril de 2020.<\/p>\n\n\n\n<p>Foram expedidas recomenda\u00e7\u00f5es para Raimundo Alves Filho, Ant\u00f4nio Erivan Rodrigues Fernandes e Francisco de Assis Carvalho Cerqueira, prefeitos de Piracuruca, S\u00e3o Jo\u00e3o da Fronteira e S\u00e3o Jos\u00e9 do Divino, respectivamente. Os gestores devem realizar o cruzamento de dados, com o fim de identificar os servidores municipais que foram inscritos para o recebimento do aux\u00edlio emergencial.<\/p>\n\n\n\n<p>\u201cOs gestores municipais devem encaminhar \u00e0 promotoria uma lista nominal dos servidores p\u00fablicos que receberam os recursos destinados aos atingidos pela pandemia, identificando quantas parcelas foram percebidas por cada, com seus respectivos meses\u201d, pontuou.<\/p>\n\n\n\n<h3>SERVIDORES RECEBERAM MAIS DE R$ 3 MILH\u00d5ES INDEVIDAMENTE<\/h3>\n\n\n\n<p>No Piau\u00ed, 4,8 mil servidores p\u00fablicos receberam R$ 3,2 milh\u00f5es do aux\u00edlio emergencial indevidamente, \u00e9 o que aponta um relat\u00f3rio do Tribunal de Contas do Piau\u00ed (TCE-PI) em conjunto com a &nbsp;Controladoria-Geral da Uni\u00e3o, divulgado no dia 6 de junho.<\/p>\n\n\n\n<p>O trabalho ampliou a base de dados e cruzou informa\u00e7\u00f5es visando identificar poss\u00edveis irregularidades relacionadas \u00e0 concess\u00e3o do aux\u00edlio aos agentes p\u00fablicos das Prefeituras e C\u00e2maras Municipais do Estado do Piau\u00ed, Governo do Estado do Piau\u00ed, Tribunal de Justi\u00e7a do Estado do Piau\u00ed, Assembleia Legislativa do Estado do Piau\u00ed, Minist\u00e9rio P\u00fablico do Estado do Piau\u00ed e Tribunal de Contas do Estado do Piau\u00ed, bem como aos pensionistas desses \u00f3rg\u00e3os.<\/p>\n\n\n\n<p><strong>Fonte: Oito Meia<\/strong><\/p>\n","protected":false},"excerpt":{"rendered":"<p>Servidores p\u00fablicos das cidades de Piracuruca, S\u00e3o Jo\u00e3o da Fronteira e S\u00e3o Jos\u00e9 do Divino, no interior do Piau\u00ed, s\u00e3o alvo de fiscaliza\u00e7\u00e3o do Minist\u00e9rio P\u00fablico do Piau\u00ed (MPPI) por eventuais irregularidades no pedido e no recebimento do aux\u00edlio emergencial concedido pelo governo federal em raz\u00e3o da pandemia do novo coronav\u00edrus. O MPPI expediu recomenda\u00e7\u00e3o [&hellip;]<\/p>\n","protected":false},"author":4,"featured_media":9995,"comment_status":"open","ping_status":"open","sticky":false,"template":"","format":"standard","meta":{"beyondwords_generate_audio":"","beyondwords_project_id":"","beyondwords_podcast_id":"","beyondwords_hash":"","beyondwords_error_message":"","beyondwords_disabled":"","publish_post_to_speechkit":"","speechkit_generate_audio":"","speechkit_project_id":"","speechkit_podcast_id":"","speechkit_hash":"","speechkit_error_message":"","speechkit_disabled":"","speechkit_access_key":"","speechkit_error":"","speechkit_info":"","speechkit_response":"","speechkit_retries":"","_speechkit_link":"","_speechkit_text":""},"categories":[51,78],"tags":[2329,1131,2944,3617],"jetpack_featured_media_url":"","_links":{"self":[{"href":"https:\/\/pinews.com.br\/index.php\/wp-json\/wp\/v2\/posts\/9993"}],"collection":[{"href":"https:\/\/pinews.com.br\/index.php\/wp-json\/wp\/v2\/posts"}],"about":[{"href":"https:\/\/pinews.com.br\/index.php\/wp-json\/wp\/v2\/types\/post"}],"author":[{"embeddable":true,"href":"https:\/\/pinews.com.br\/index.php\/wp-json\/wp\/v2\/users\/4"}],"replies":[{"embeddable":true,"href":"https:\/\/pinews.com.br\/index.php\/wp-json\/wp\/v2\/comments?post=9993"}],"version-history":[{"count":0,"href":"https:\/\/pinews.com.br\/index.php\/wp-json\/wp\/v2\/posts\/9993\/revisions"}],"wp:featuredmedia":[{"embeddable":true,"href":"https:\/\/pinews.com.br\/index.php\/wp-json\/"}],"wp:attachment":[{"href":"https:\/\/pinews.com.br\/index.php\/wp-json\/wp\/v2\/media?parent=9993"}],"wp:term":[{"taxonomy":"category","embeddable":true,"href":"https:\/\/pinews.com.br\/index.php\/wp-json\/wp\/v2\/categories?post=9993"},{"taxonomy":"post_tag","embeddable":true,"href":"https:\/\/pinews.com.br\/index.php\/wp-json\/wp\/v2\/tags?post=9993"}],"curies":[{"name":"wp","href":"https:\/\/api.w.org\/{rel}","templated":true}]}}