{"id":5075,"count":1,"description":"","link":"https:\/\/pinews.com.br\/index.php\/tag\/reducao-da-tarifa-de-energia-eletrica\/","name":"redu\u00e7\u00e3o da tarifa de energia el\u00e9trica","slug":"reducao-da-tarifa-de-energia-eletrica","taxonomy":"post_tag","meta":[],"_links":{"self":[{"href":"https:\/\/pinews.com.br\/index.php\/wp-json\/wp\/v2\/tags\/5075"}],"collection":[{"href":"https:\/\/pinews.com.br\/index.php\/wp-json\/wp\/v2\/tags"}],"about":[{"href":"https:\/\/pinews.com.br\/index.php\/wp-json\/wp\/v2\/taxonomies\/post_tag"}],"wp:post_type":[{"href":"https:\/\/pinews.com.br\/index.php\/wp-json\/wp\/v2\/posts?tags=5075"}],"curies":[{"name":"wp","href":"https:\/\/api.w.org\/{rel}","templated":true}]}}